{"id":33403,"date":"2024-12-20T14:51:58","date_gmt":"2024-12-20T19:51:58","guid":{"rendered":"https:\/\/elmercuriomanta.ec\/?p=33403"},"modified":"2024-12-20T14:51:58","modified_gmt":"2024-12-20T19:51:58","slug":"jorge-glas-a-un-hospital-psiquiatrico","status":"publish","type":"post","link":"https:\/\/elmercuriomanta.ec\/index.php\/2024\/12\/20\/jorge-glas-a-un-hospital-psiquiatrico\/","title":{"rendered":"\u00bfJorge Glas a un hospital psiqui\u00e1trico?"},"content":{"rendered":"\n<figure class=\"wp-block-image aligncenter size-full is-resized\"><img fetchpriority=\"high\" decoding=\"async\" width=\"768\" height=\"432\" src=\"https:\/\/elmercuriomanta.ec\/wp-content\/uploads\/2024\/12\/image-191.png\" alt=\"\" class=\"wp-image-33404\" style=\"width:350px;height:auto\" srcset=\"https:\/\/elmercuriomanta.ec\/wp-content\/uploads\/2024\/12\/image-191.png 768w, https:\/\/elmercuriomanta.ec\/wp-content\/uploads\/2024\/12\/image-191-300x169.png 300w\" sizes=\"(max-width: 768px) 100vw, 768px\" \/><\/figure>\n\n\n\n<p> Este viernes, se instal\u00f3 la audiencia de evaluaci\u00f3n y preparatoria de\u00a0<strong>juicio\u00a0<\/strong>contra el exvicepresidente\u00a0<strong>Jorge Glas<\/strong>\u00a0y otros ocho exfuncionarios investigados<strong>\u00a0<\/strong>en el caso &#8216;<strong>Reconstrucci\u00f3n\u00a0<\/strong>de\u00a0<strong>Manab\u00ed&#8217;<\/strong>.<\/p>\n\n\n\n<p>Ante la&nbsp;<strong>Corte Nacional de Justicia<\/strong>, acudi\u00f3 el fiscal general del Estado (subrogante), Wilson Toainga, para solicitar el auto de llamamiento a juicio de los nueve procesados, por el presunto&nbsp;<strong>abuso&nbsp;<\/strong>de fondos p\u00fablicos en favor de contratistas y fiscalizadores de contratos emergentes tras el&nbsp;<strong>terremoto&nbsp;<\/strong>del 16 de abril de 2016, con epicentro en&nbsp;<strong>Manab\u00ed<\/strong>.<\/p>\n\n\n\n<p>El juez, Marco Aguirre, inici\u00f3 la diligencia con la revisi\u00f3n de posibles nulidades. En su intervenci\u00f3n, la defensa del exvicepresidente, Andr\u00e9s Villegas, refut\u00f3 el\u00a0<strong>arresto\u00a0<\/strong>\u00abilegal\u00bb de Glas en la Embajada de M\u00e9xico en Quito, ejecutado el 5 de abril pasado, as\u00ed como tambi\u00e9n pidi\u00f3 su traslado a un\u00a0<strong>psiqui\u00e1trico.<\/strong><\/p>\n\n\n\n<p>Seg\u00fan el abogado, tras la aprehensi\u00f3n de Glas y su posterior encierro en la c\u00e1rcel de m\u00e1xima seguridad &#8216;<strong>La Roca<\/strong>&#8216; en Guayaquil, la\u00a0<strong>salud\u00a0<\/strong>mental del ex segundo mandatario se ha deterioro, porque ha sufrido\u00bb<strong>torturas<\/strong>\u00ab.<\/p>\n\n\n\n<p>E inclus\u00f3 se\u00f1al\u00f3 que los\u00a0<strong>psiquiatras\u00a0<\/strong>del Ministerio de Salud P\u00fablica determinaron que hay \u00abalto riesgo de que Glas se haga da\u00f1o a s\u00ed mismo\u00bb.<\/p>\n","protected":false},"excerpt":{"rendered":"<p> Este viernes, se instal\u00f3 la audiencia de evaluaci\u00f3n y preparatoria de\u00a0juicio\u00a0contra el exvicepresidente\u00a0Jorge Glas\u00a0y otros ocho exfuncionarios investigados\u00a0en el caso &#8216;Reconstrucci\u00f3n\u00a0de\u00a0Manab\u00ed&#8217;.<\/p>\n","protected":false},"author":14,"featured_media":33404,"comment_status":"open","ping_status":"open","sticky":false,"template":"","format":"standard","meta":{"footnotes":""},"categories":[1],"tags":[22],"class_list":["post-33403","post","type-post","status-publish","format-standard","has-post-thumbnail","hentry","category-uncategorized","tag-politica"],"_links":{"self":[{"href":"https:\/\/elmercuriomanta.ec\/index.php\/wp-json\/wp\/v2\/posts\/33403","targetHints":{"allow":["GET"]}}],"collection":[{"href":"https:\/\/elmercuriomanta.ec\/index.php\/wp-json\/wp\/v2\/posts"}],"about":[{"href":"https:\/\/elmercuriomanta.ec\/index.php\/wp-json\/wp\/v2\/types\/post"}],"author":[{"embeddable":true,"href":"https:\/\/elmercuriomanta.ec\/index.php\/wp-json\/wp\/v2\/users\/14"}],"replies":[{"embeddable":true,"href":"https:\/\/elmercuriomanta.ec\/index.php\/wp-json\/wp\/v2\/comments?post=33403"}],"version-history":[{"count":2,"href":"https:\/\/elmercuriomanta.ec\/index.php\/wp-json\/wp\/v2\/posts\/33403\/revisions"}],"predecessor-version":[{"id":33406,"href":"https:\/\/elmercuriomanta.ec\/index.php\/wp-json\/wp\/v2\/posts\/33403\/revisions\/33406"}],"wp:featuredmedia":[{"embeddable":true,"href":"https:\/\/elmercuriomanta.ec\/index.php\/wp-json\/wp\/v2\/media\/33404"}],"wp:attachment":[{"href":"https:\/\/elmercuriomanta.ec\/index.php\/wp-json\/wp\/v2\/media?parent=33403"}],"wp:term":[{"taxonomy":"category","embeddable":true,"href":"https:\/\/elmercuriomanta.ec\/index.php\/wp-json\/wp\/v2\/categories?post=33403"},{"taxonomy":"post_tag","embeddable":true,"href":"https:\/\/elmercuriomanta.ec\/index.php\/wp-json\/wp\/v2\/tags?post=33403"}],"curies":[{"name":"wp","href":"https:\/\/api.w.org\/{rel}","templated":true}]}}