{"id":3287,"date":"2023-07-26T14:17:45","date_gmt":"2023-07-26T19:17:45","guid":{"rendered":"https:\/\/elmercuriomanta.ec\/?p=3287"},"modified":"2023-07-26T14:17:45","modified_gmt":"2023-07-26T19:17:45","slug":"el-registro-civil-atendera-este-sabado-en-jornada-extendida-de-pasaportes-en-6-ciudades-del-pais","status":"publish","type":"post","link":"https:\/\/elmercuriomanta.ec\/index.php\/2023\/07\/26\/el-registro-civil-atendera-este-sabado-en-jornada-extendida-de-pasaportes-en-6-ciudades-del-pais\/","title":{"rendered":"El Registro Civil atender\u00e1 este s\u00e1bado, en jornada extendida de pasaportes en 6 ciudades del pa\u00eds"},"content":{"rendered":"\n<figure class=\"wp-block-image aligncenter size-full is-resized\"><img fetchpriority=\"high\" decoding=\"async\" src=\"https:\/\/elmercuriomanta.ec\/wp-content\/uploads\/2023\/07\/image-226.png\" alt=\"\" class=\"wp-image-3288\" width=\"359\" height=\"262\" srcset=\"https:\/\/elmercuriomanta.ec\/wp-content\/uploads\/2023\/07\/image-226.png 835w, https:\/\/elmercuriomanta.ec\/wp-content\/uploads\/2023\/07\/image-226-300x219.png 300w, https:\/\/elmercuriomanta.ec\/wp-content\/uploads\/2023\/07\/image-226-768x561.png 768w\" sizes=\"(max-width: 359px) 100vw, 359px\" \/><\/figure>\n\n\n\n<p>El Registro Civil del Ecuador informa a la ciudadan\u00eda que, este s\u00e1bado 29 de julio de 2023, brindar\u00e1 el servicio de emisi\u00f3n de pasaportes en seis ciudades del pa\u00eds: Quito, Cuenca, Manta, Portoviejo, Machala y Quevedo.<\/p>\n\n\n\n<p>Se atender\u00e1 a todos los usuarios que cuenten con un turno agendado,\u00a0exclusivamente en esas ciudades, del 1 de agosto al 30 de septiembre del presente a\u00f1o, y deseen adelantar la obtenci\u00f3n de su documento de viaje.<\/p>\n\n\n\n<p>Esta nueva jornada extraordinaria de adelantamiento de turnos (toma de datos, huellas y fotograf\u00eda), se realizar\u00e1 desde las 08:00 hasta las 14:00 en las siguientes agencias:<\/p>\n\n\n\n<ul class=\"wp-block-list\">\n<li>Quito:\u00a0Matriz I\u00f1aquito\u00a0(Av. Amazonas y Naciones Unidas),\u00a0San Blas\u00a0(Gran Colombia y Brice\u00f1o),\u00a0Tumbaco\u00a0(Av. Oswaldo Guayasamin y Rodrigo N\u00fa\u00f1ez) y\u00a0Quitumbe\u00a0(Plataforma Gubernamental Sur)<\/li>\n\n\n\n<li>Cuenca:\u00a0Bellavista\u00a0(Luis Cordero y Av. H\u00e9roes de Verdeloma) y\u00a0San Blas\u00a0(Alfonso Jerves y Alfonso Malo)<\/li>\n\n\n\n<li>Manta\u00a0(Sector Urbirr\u00edos)<\/li>\n\n\n\n<li>Portoviejo\u00a0(Autopista Manab\u00ed Guillen)<\/li>\n\n\n\n<li>Machala\u00a0(Av. 25 de Junio)<\/li>\n\n\n\n<li>Quevedo\u00a0(Parroquia San Camilo, Sector Pro-Mejoras)<\/li>\n<\/ul>\n\n\n\n<p>El usuario recibir\u00e1 su pasaporte a partir de las 48 horas laborables posteriores a la atenci\u00f3n, en la agencia donde inscribi\u00f3 sus datos.<\/p>\n\n\n\n<p>Con la implementaci\u00f3n de estas acciones, el Registro Civil del Ecuador demuestra su compromiso para brindar un servicio \u00e1gil, oportuno y de calidad a todos sus usuarios.<\/p>\n\n\n\n<div class=\"wp-block-essential-blocks-social\"><div class=\"eb-parent-wrapper eb-parent-eb-social-links-g4xcnui \"><div class=\"eb-social-links-g4xcnui eb-social-links-wrapper\"><ul class=\"eb-socials\"><li><a class=\"facebook-f-original  \" href=\"\/\/www.facebook.com\/YoSoyElMercurio\/?locale=es_LA\" target=\"_self\" rel=\"noopener\"><i class=\"hvr-icon eb-social-icon fab fa-facebook-f\"><\/i><\/a><\/li><li><a class=\"twitter-original  \" href=\"\/\/twitter.com\/elmercuriomanta\" target=\"_self\" rel=\"noopener\"><i class=\"hvr-icon eb-social-icon fab fa-twitter\"><\/i><\/a><\/li><li><a class=\"instagram-original  \" href=\"\/\/www.instagram.com\/elmercuriomanta\/?hl=es\" target=\"_self\" rel=\"noopener\"><i class=\"hvr-icon eb-social-icon fab fa-instagram\"><\/i><\/a><\/li><\/ul><\/div><\/div><\/div>\n","protected":false},"excerpt":{"rendered":"<p>El Registro Civil del Ecuador informa a la ciudadan\u00eda que, este s\u00e1bado 29 de julio de 2023, brindar\u00e1 el servicio de emisi\u00f3n de pasaportes en seis ciudades del pa\u00eds: Quito, Cuenca, Manta, Portoviejo, Machala y Quevedo. Se atender\u00e1 a todos los usuarios que cuenten con un turno agendado,\u00a0exclusivamente en esas ciudades, del 1 de agosto [&hellip;]<\/p>\n","protected":false},"author":12,"featured_media":3288,"comment_status":"open","ping_status":"open","sticky":false,"template":"","format":"standard","meta":{"footnotes":""},"categories":[20],"tags":[],"class_list":["post-3287","post","type-post","status-publish","format-standard","has-post-thumbnail","hentry","category-portada-2"],"_links":{"self":[{"href":"https:\/\/elmercuriomanta.ec\/index.php\/wp-json\/wp\/v2\/posts\/3287","targetHints":{"allow":["GET"]}}],"collection":[{"href":"https:\/\/elmercuriomanta.ec\/index.php\/wp-json\/wp\/v2\/posts"}],"about":[{"href":"https:\/\/elmercuriomanta.ec\/index.php\/wp-json\/wp\/v2\/types\/post"}],"author":[{"embeddable":true,"href":"https:\/\/elmercuriomanta.ec\/index.php\/wp-json\/wp\/v2\/users\/12"}],"replies":[{"embeddable":true,"href":"https:\/\/elmercuriomanta.ec\/index.php\/wp-json\/wp\/v2\/comments?post=3287"}],"version-history":[{"count":1,"href":"https:\/\/elmercuriomanta.ec\/index.php\/wp-json\/wp\/v2\/posts\/3287\/revisions"}],"predecessor-version":[{"id":3289,"href":"https:\/\/elmercuriomanta.ec\/index.php\/wp-json\/wp\/v2\/posts\/3287\/revisions\/3289"}],"wp:featuredmedia":[{"embeddable":true,"href":"https:\/\/elmercuriomanta.ec\/index.php\/wp-json\/wp\/v2\/media\/3288"}],"wp:attachment":[{"href":"https:\/\/elmercuriomanta.ec\/index.php\/wp-json\/wp\/v2\/media?parent=3287"}],"wp:term":[{"taxonomy":"category","embeddable":true,"href":"https:\/\/elmercuriomanta.ec\/index.php\/wp-json\/wp\/v2\/categories?post=3287"},{"taxonomy":"post_tag","embeddable":true,"href":"https:\/\/elmercuriomanta.ec\/index.php\/wp-json\/wp\/v2\/tags?post=3287"}],"curies":[{"name":"wp","href":"https:\/\/api.w.org\/{rel}","templated":true}]}}