{"id":32724,"date":"2024-12-08T11:09:58","date_gmt":"2024-12-08T16:09:58","guid":{"rendered":"https:\/\/elmercuriomanta.ec\/?p=32724"},"modified":"2024-12-08T11:09:58","modified_gmt":"2024-12-08T16:09:58","slug":"daniel-noboa-viaja-a-nueva-york-para-asuntos-personales","status":"publish","type":"post","link":"https:\/\/elmercuriomanta.ec\/index.php\/2024\/12\/08\/daniel-noboa-viaja-a-nueva-york-para-asuntos-personales\/","title":{"rendered":"Daniel Noboa Viaja a Nueva York para Asuntos Personales"},"content":{"rendered":"\n<figure class=\"wp-block-image aligncenter size-full is-resized\"><img fetchpriority=\"high\" decoding=\"async\" width=\"650\" height=\"400\" src=\"https:\/\/elmercuriomanta.ec\/wp-content\/uploads\/2024\/12\/image-70.png\" alt=\"\" class=\"wp-image-32725\" style=\"width:465px;height:auto\" srcset=\"https:\/\/elmercuriomanta.ec\/wp-content\/uploads\/2024\/12\/image-70.png 650w, https:\/\/elmercuriomanta.ec\/wp-content\/uploads\/2024\/12\/image-70-300x185.png 300w\" sizes=\"(max-width: 650px) 100vw, 650px\" \/><\/figure>\n\n\n\n<p>El presidente Daniel Noboa se desplazar\u00e1 a Nueva York, Estados Unidos, en un viaje declarado como de \u00edndole personal durante los d\u00edas 7 y 8 de diciembre de 2024. Seg\u00fan el Decreto Ejecutivo No. 475, el Primer Mandatario estar\u00e1 acompa\u00f1ado \u00fanicamente por su jefe de seguridad en esta comisi\u00f3n de servicios.<\/p>\n\n\n\n<p>El documento oficial establece que los vi\u00e1ticos y dem\u00e1s gastos relacionados con este desplazamiento ser\u00e1n asumidos por las instituciones a las que pertenecen los integrantes de la comitiva. El decreto, firmado por el presidente Noboa, entra en vigencia desde su suscripci\u00f3n y ser\u00e1 publicado en el Registro Oficial, cumpliendo con los procedimientos legales establecidos.<\/p>\n","protected":false},"excerpt":{"rendered":"<p>El presidente Daniel Noboa se desplazar\u00e1 a Nueva York, Estados Unidos, en un viaje declarado como de \u00edndole personal durante los d\u00edas 7 y 8 de diciembre de 2024. Seg\u00fan el Decreto Ejecutivo No. 475, el Primer Mandatario estar\u00e1 acompa\u00f1ado \u00fanicamente por su jefe de seguridad en esta comisi\u00f3n de servicios. El documento oficial establece [&hellip;]<\/p>\n","protected":false},"author":12,"featured_media":0,"comment_status":"open","ping_status":"open","sticky":false,"template":"","format":"standard","meta":{"footnotes":""},"categories":[1],"tags":[],"class_list":["post-32724","post","type-post","status-publish","format-standard","hentry","category-uncategorized"],"_links":{"self":[{"href":"https:\/\/elmercuriomanta.ec\/index.php\/wp-json\/wp\/v2\/posts\/32724","targetHints":{"allow":["GET"]}}],"collection":[{"href":"https:\/\/elmercuriomanta.ec\/index.php\/wp-json\/wp\/v2\/posts"}],"about":[{"href":"https:\/\/elmercuriomanta.ec\/index.php\/wp-json\/wp\/v2\/types\/post"}],"author":[{"embeddable":true,"href":"https:\/\/elmercuriomanta.ec\/index.php\/wp-json\/wp\/v2\/users\/12"}],"replies":[{"embeddable":true,"href":"https:\/\/elmercuriomanta.ec\/index.php\/wp-json\/wp\/v2\/comments?post=32724"}],"version-history":[{"count":1,"href":"https:\/\/elmercuriomanta.ec\/index.php\/wp-json\/wp\/v2\/posts\/32724\/revisions"}],"predecessor-version":[{"id":32726,"href":"https:\/\/elmercuriomanta.ec\/index.php\/wp-json\/wp\/v2\/posts\/32724\/revisions\/32726"}],"wp:attachment":[{"href":"https:\/\/elmercuriomanta.ec\/index.php\/wp-json\/wp\/v2\/media?parent=32724"}],"wp:term":[{"taxonomy":"category","embeddable":true,"href":"https:\/\/elmercuriomanta.ec\/index.php\/wp-json\/wp\/v2\/categories?post=32724"},{"taxonomy":"post_tag","embeddable":true,"href":"https:\/\/elmercuriomanta.ec\/index.php\/wp-json\/wp\/v2\/tags?post=32724"}],"curies":[{"name":"wp","href":"https:\/\/api.w.org\/{rel}","templated":true}]}}