{"id":32540,"date":"2024-12-04T16:30:39","date_gmt":"2024-12-04T21:30:39","guid":{"rendered":"https:\/\/elmercuriomanta.ec\/?p=32540"},"modified":"2024-12-04T16:31:10","modified_gmt":"2024-12-04T21:31:10","slug":"platon-pro-vida-en-manta","status":"publish","type":"post","link":"https:\/\/elmercuriomanta.ec\/index.php\/2024\/12\/04\/platon-pro-vida-en-manta\/","title":{"rendered":"Plat\u00f3n Pro Vida en Manta"},"content":{"rendered":"\n<figure class=\"wp-block-image aligncenter size-large is-resized\"><img fetchpriority=\"high\" decoding=\"async\" width=\"731\" height=\"1024\" src=\"https:\/\/elmercuriomanta.ec\/wp-content\/uploads\/2024\/12\/WhatsApp-Image-2024-12-04-at-16.28.44-731x1024.jpeg\" alt=\"\" class=\"wp-image-32541\" style=\"width:282px;height:auto\" srcset=\"https:\/\/elmercuriomanta.ec\/wp-content\/uploads\/2024\/12\/WhatsApp-Image-2024-12-04-at-16.28.44-731x1024.jpeg 731w, https:\/\/elmercuriomanta.ec\/wp-content\/uploads\/2024\/12\/WhatsApp-Image-2024-12-04-at-16.28.44-214x300.jpeg 214w, https:\/\/elmercuriomanta.ec\/wp-content\/uploads\/2024\/12\/WhatsApp-Image-2024-12-04-at-16.28.44-768x1076.jpeg 768w, https:\/\/elmercuriomanta.ec\/wp-content\/uploads\/2024\/12\/WhatsApp-Image-2024-12-04-at-16.28.44-1096x1536.jpeg 1096w, https:\/\/elmercuriomanta.ec\/wp-content\/uploads\/2024\/12\/WhatsApp-Image-2024-12-04-at-16.28.44.jpeg 1142w\" sizes=\"(max-width: 731px) 100vw, 731px\" \/><\/figure>\n\n\n\n<p>Este s\u00e1bado, 7 de diciembre se realizar\u00e1 a las 4pm el Plat\u00f3n \u00abPro Vida\u00bb, que iniciar\u00e1  en la explanada de FETUM, ubicada en el coliseo Tohal\u00ed.<\/p>\n\n\n\n<figure class=\"wp-block-image aligncenter size-large is-resized\"><img decoding=\"async\" width=\"768\" height=\"1024\" src=\"https:\/\/elmercuriomanta.ec\/wp-content\/uploads\/2024\/12\/WhatsApp-Image-2024-12-04-at-16.27.53-768x1024.jpeg\" alt=\"\" class=\"wp-image-32542\" style=\"width:182px;height:auto\" srcset=\"https:\/\/elmercuriomanta.ec\/wp-content\/uploads\/2024\/12\/WhatsApp-Image-2024-12-04-at-16.27.53-768x1024.jpeg 768w, https:\/\/elmercuriomanta.ec\/wp-content\/uploads\/2024\/12\/WhatsApp-Image-2024-12-04-at-16.27.53-225x300.jpeg 225w, https:\/\/elmercuriomanta.ec\/wp-content\/uploads\/2024\/12\/WhatsApp-Image-2024-12-04-at-16.27.53-1152x1536.jpeg 1152w, https:\/\/elmercuriomanta.ec\/wp-content\/uploads\/2024\/12\/WhatsApp-Image-2024-12-04-at-16.27.53.jpeg 1200w\" sizes=\"(max-width: 768px) 100vw, 768px\" \/><\/figure>\n","protected":false},"excerpt":{"rendered":"<p>Este s\u00e1bado, 7 de diciembre se realizar\u00e1 a las 4pm el Plat\u00f3n \u00abPro Vida\u00bb que iniciar\u00e1  en la explanada de FETUM, ubicada en el coliseo Tohal\u00ed.<\/p>\n","protected":false},"author":14,"featured_media":32541,"comment_status":"open","ping_status":"open","sticky":false,"template":"","format":"standard","meta":{"footnotes":""},"categories":[20,83,1],"tags":[38],"class_list":["post-32540","post","type-post","status-publish","format-standard","has-post-thumbnail","hentry","category-portada-2","category-sucesos","category-uncategorized","tag-manta"],"_links":{"self":[{"href":"https:\/\/elmercuriomanta.ec\/index.php\/wp-json\/wp\/v2\/posts\/32540","targetHints":{"allow":["GET"]}}],"collection":[{"href":"https:\/\/elmercuriomanta.ec\/index.php\/wp-json\/wp\/v2\/posts"}],"about":[{"href":"https:\/\/elmercuriomanta.ec\/index.php\/wp-json\/wp\/v2\/types\/post"}],"author":[{"embeddable":true,"href":"https:\/\/elmercuriomanta.ec\/index.php\/wp-json\/wp\/v2\/users\/14"}],"replies":[{"embeddable":true,"href":"https:\/\/elmercuriomanta.ec\/index.php\/wp-json\/wp\/v2\/comments?post=32540"}],"version-history":[{"count":2,"href":"https:\/\/elmercuriomanta.ec\/index.php\/wp-json\/wp\/v2\/posts\/32540\/revisions"}],"predecessor-version":[{"id":32544,"href":"https:\/\/elmercuriomanta.ec\/index.php\/wp-json\/wp\/v2\/posts\/32540\/revisions\/32544"}],"wp:featuredmedia":[{"embeddable":true,"href":"https:\/\/elmercuriomanta.ec\/index.php\/wp-json\/wp\/v2\/media\/32541"}],"wp:attachment":[{"href":"https:\/\/elmercuriomanta.ec\/index.php\/wp-json\/wp\/v2\/media?parent=32540"}],"wp:term":[{"taxonomy":"category","embeddable":true,"href":"https:\/\/elmercuriomanta.ec\/index.php\/wp-json\/wp\/v2\/categories?post=32540"},{"taxonomy":"post_tag","embeddable":true,"href":"https:\/\/elmercuriomanta.ec\/index.php\/wp-json\/wp\/v2\/tags?post=32540"}],"curies":[{"name":"wp","href":"https:\/\/api.w.org\/{rel}","templated":true}]}}