{"id":32434,"date":"2024-12-03T10:25:00","date_gmt":"2024-12-03T15:25:00","guid":{"rendered":"https:\/\/elmercuriomanta.ec\/?p=32434"},"modified":"2024-12-03T10:25:00","modified_gmt":"2024-12-03T15:25:00","slug":"lider-de-mafia-18-fue-asesinado-en-un-departamento-en-urdesa","status":"publish","type":"post","link":"https:\/\/elmercuriomanta.ec\/index.php\/2024\/12\/03\/lider-de-mafia-18-fue-asesinado-en-un-departamento-en-urdesa\/","title":{"rendered":"L\u00edder de Maf\u00eda 18 fue asesinado en un departamento en Urdesa"},"content":{"rendered":"\n<figure class=\"wp-block-image aligncenter size-full is-resized\"><img fetchpriority=\"high\" decoding=\"async\" width=\"780\" height=\"477\" src=\"https:\/\/elmercuriomanta.ec\/wp-content\/uploads\/2024\/12\/image-24.png\" alt=\"\" class=\"wp-image-32453\" style=\"width:309px;height:auto\" srcset=\"https:\/\/elmercuriomanta.ec\/wp-content\/uploads\/2024\/12\/image-24.png 780w, https:\/\/elmercuriomanta.ec\/wp-content\/uploads\/2024\/12\/image-24-300x183.png 300w, https:\/\/elmercuriomanta.ec\/wp-content\/uploads\/2024\/12\/image-24-768x470.png 768w\" sizes=\"(max-width: 780px) 100vw, 780px\" \/><\/figure>\n\n\n\n<p>Braulio Vicente Bail\u00f3n Obando, de 38 a\u00f1os, fue asesinado, quien es se\u00f1alado como l\u00edder de la organizaci\u00f3n criminal &#8216;Mafia 18&#8217;.<\/p>\n\n\n\n<p>Alias Braulio muri\u00f3 junto a otros dos hombres, que fueron identificados como Juan Carlos Medina Peralta y \u00c9dgar V\u00e9lez Garc\u00eda.<\/p>\n\n\n\n<p>El hecho ocurri\u00f3 en un departamento del edificio Balsa Suites, ubicado en la intersecci\u00f3n de las avenidas B\u00e1lsamos y Primera, en el sector de Urdesa, al norte de la ciudad.<\/p>\n\n\n\n<p><br>Bail\u00f3n Obando fue detenido el pasado 30 de septiembre en Tumbes, Per\u00fa, durante un operativo que result\u00f3 en la captura de ocho personas m\u00e1s, seis de ellas ecuatorianas y dos peruanas. Las autoridades al grupo con actividades de extorsi\u00f3n y narcotr\u00e1fico en la zona fronteriza.<\/p>\n\n\n\n<p>Este crimen involucra a polic\u00edas y deja dos muertos y es un golpe m\u00e1s para la banda &#8216;Mafia 18&#8217; que recientemente perdi\u00f3 a su anterior l\u00edder, George Samir Maestre Mena, en el 2023. Sin embargo, la organizaci\u00f3n ha intentado expandirse en sus operaciones en Guayaquil y otras \u00e1reas.<\/p>\n\n\n\n<p><br><\/p>\n\n\n\n<p>Declaraciones clave<br>El inmueble pertenece a personas que residen en Estados Unidos y que fue arrendado hace poco m\u00e1s de un mes por intermedio de Andr\u00e9s Orellana. <\/p>\n\n\n\n<p><\/p>\n\n\n\n<p><\/p>\n\n\n\n<p><\/p>\n","protected":false},"excerpt":{"rendered":"<p>Braulio Vicente Bail\u00f3n Obando, de 38 a\u00f1os, fue asesinado, quien es se\u00f1alado como l\u00edder de la organizaci\u00f3n criminal &#8216;Mafia 18&#8217;.<\/p>\n","protected":false},"author":14,"featured_media":32453,"comment_status":"open","ping_status":"open","sticky":false,"template":"","format":"standard","meta":{"footnotes":""},"categories":[16,1],"tags":[91],"class_list":["post-32434","post","type-post","status-publish","format-standard","has-post-thumbnail","hentry","category-cronica","category-uncategorized","tag-cronica"],"_links":{"self":[{"href":"https:\/\/elmercuriomanta.ec\/index.php\/wp-json\/wp\/v2\/posts\/32434","targetHints":{"allow":["GET"]}}],"collection":[{"href":"https:\/\/elmercuriomanta.ec\/index.php\/wp-json\/wp\/v2\/posts"}],"about":[{"href":"https:\/\/elmercuriomanta.ec\/index.php\/wp-json\/wp\/v2\/types\/post"}],"author":[{"embeddable":true,"href":"https:\/\/elmercuriomanta.ec\/index.php\/wp-json\/wp\/v2\/users\/14"}],"replies":[{"embeddable":true,"href":"https:\/\/elmercuriomanta.ec\/index.php\/wp-json\/wp\/v2\/comments?post=32434"}],"version-history":[{"count":1,"href":"https:\/\/elmercuriomanta.ec\/index.php\/wp-json\/wp\/v2\/posts\/32434\/revisions"}],"predecessor-version":[{"id":32454,"href":"https:\/\/elmercuriomanta.ec\/index.php\/wp-json\/wp\/v2\/posts\/32434\/revisions\/32454"}],"wp:featuredmedia":[{"embeddable":true,"href":"https:\/\/elmercuriomanta.ec\/index.php\/wp-json\/wp\/v2\/media\/32453"}],"wp:attachment":[{"href":"https:\/\/elmercuriomanta.ec\/index.php\/wp-json\/wp\/v2\/media?parent=32434"}],"wp:term":[{"taxonomy":"category","embeddable":true,"href":"https:\/\/elmercuriomanta.ec\/index.php\/wp-json\/wp\/v2\/categories?post=32434"},{"taxonomy":"post_tag","embeddable":true,"href":"https:\/\/elmercuriomanta.ec\/index.php\/wp-json\/wp\/v2\/tags?post=32434"}],"curies":[{"name":"wp","href":"https:\/\/api.w.org\/{rel}","templated":true}]}}