{"id":31878,"date":"2024-11-22T16:18:36","date_gmt":"2024-11-22T21:18:36","guid":{"rendered":"https:\/\/elmercuriomanta.ec\/?p=31878"},"modified":"2024-11-22T16:29:18","modified_gmt":"2024-11-22T21:29:18","slug":"ya-se-realiza-las-primeras-pruebas-en-la-hidroelectrica-toachi-pilaton","status":"publish","type":"post","link":"https:\/\/elmercuriomanta.ec\/index.php\/2024\/11\/22\/ya-se-realiza-las-primeras-pruebas-en-la-hidroelectrica-toachi-pilaton\/","title":{"rendered":"Ya se realizan las primeras pruebas en la hidroel\u00e9ctrica Toachi Pilat\u00f3n"},"content":{"rendered":"\n<figure class=\"wp-block-image aligncenter size-large is-resized\"><img fetchpriority=\"high\" decoding=\"async\" width=\"1024\" height=\"512\" src=\"https:\/\/elmercuriomanta.ec\/wp-content\/uploads\/2024\/11\/image-293-1024x512.png\" alt=\"\" class=\"wp-image-31879\" style=\"width:371px;height:auto\" srcset=\"https:\/\/elmercuriomanta.ec\/wp-content\/uploads\/2024\/11\/image-293-1024x512.png 1024w, https:\/\/elmercuriomanta.ec\/wp-content\/uploads\/2024\/11\/image-293-300x150.png 300w, https:\/\/elmercuriomanta.ec\/wp-content\/uploads\/2024\/11\/image-293-768x384.png 768w, https:\/\/elmercuriomanta.ec\/wp-content\/uploads\/2024\/11\/image-293.png 1200w\" sizes=\"(max-width: 1024px) 100vw, 1024px\" \/><\/figure>\n\n\n\n<p>Este viernes, La ministra de Ambiente y encargada de la cartera de Energ\u00eda,<strong>\u00a0In\u00e9s Manzano<\/strong>, comunic\u00f3 que \u00a0ya se realizan las primeras pruebas t\u00e9cnicas en la\u00a0central hidroel\u00e9ctrica Toachi Pilat\u00f3n. <\/p>\n\n\n\n<p>En su red social de \u00abX\u00bb public\u00f3 que \u00abSolo probando con el agua que ya est\u00e1 en movimiento mec\u00e1nico. M\u00e1s de una d\u00e9cada de abandono de este proyecto&#8230; Ah\u00ed vamos\u00bb. <\/p>\n\n\n\n<p>Adem\u00e1s, agreg\u00f3: que el 17 de Diciembre ,\u00a0<strong>Toachi Pilat\u00f3n<\/strong>\u00a0podr\u00eda funcionar parcialmente, con una de sus turbinas.<\/p>\n\n\n\n<p>Esto permitir\u00e1 producir 68 megavatios (MW).<\/p>\n\n\n\n<p><strong>Toachi Pilat\u00f3n<\/strong>\u00a0est\u00e1 ubicada en las provincias de Pichincha, Santo Domingo de los Ts\u00e1chilas y Cotopaxi, cantones Mej\u00eda, Santo Domingo de los Ts\u00e1chilas y Sigchos.<\/p>\n","protected":false},"excerpt":{"rendered":"<p>Este viernes, La ministra de Ambiente y encargada de la cartera de Energ\u00eda,\u00a0In\u00e9s Manzano, comunic\u00f3 que \u00a0ya se realizan las primeras pruebas t\u00e9cnicas en la\u00a0central hidroel\u00e9ctrica Toachi Pilat\u00f3n<\/p>\n","protected":false},"author":14,"featured_media":31879,"comment_status":"open","ping_status":"open","sticky":false,"template":"","format":"standard","meta":{"footnotes":""},"categories":[19],"tags":[23],"class_list":["post-31878","post","type-post","status-publish","format-standard","has-post-thumbnail","hentry","category-portada-1","tag-ecuador"],"_links":{"self":[{"href":"https:\/\/elmercuriomanta.ec\/index.php\/wp-json\/wp\/v2\/posts\/31878","targetHints":{"allow":["GET"]}}],"collection":[{"href":"https:\/\/elmercuriomanta.ec\/index.php\/wp-json\/wp\/v2\/posts"}],"about":[{"href":"https:\/\/elmercuriomanta.ec\/index.php\/wp-json\/wp\/v2\/types\/post"}],"author":[{"embeddable":true,"href":"https:\/\/elmercuriomanta.ec\/index.php\/wp-json\/wp\/v2\/users\/14"}],"replies":[{"embeddable":true,"href":"https:\/\/elmercuriomanta.ec\/index.php\/wp-json\/wp\/v2\/comments?post=31878"}],"version-history":[{"count":2,"href":"https:\/\/elmercuriomanta.ec\/index.php\/wp-json\/wp\/v2\/posts\/31878\/revisions"}],"predecessor-version":[{"id":31881,"href":"https:\/\/elmercuriomanta.ec\/index.php\/wp-json\/wp\/v2\/posts\/31878\/revisions\/31881"}],"wp:featuredmedia":[{"embeddable":true,"href":"https:\/\/elmercuriomanta.ec\/index.php\/wp-json\/wp\/v2\/media\/31879"}],"wp:attachment":[{"href":"https:\/\/elmercuriomanta.ec\/index.php\/wp-json\/wp\/v2\/media?parent=31878"}],"wp:term":[{"taxonomy":"category","embeddable":true,"href":"https:\/\/elmercuriomanta.ec\/index.php\/wp-json\/wp\/v2\/categories?post=31878"},{"taxonomy":"post_tag","embeddable":true,"href":"https:\/\/elmercuriomanta.ec\/index.php\/wp-json\/wp\/v2\/tags?post=31878"}],"curies":[{"name":"wp","href":"https:\/\/api.w.org\/{rel}","templated":true}]}}