{"id":31842,"date":"2024-11-22T11:55:34","date_gmt":"2024-11-22T16:55:34","guid":{"rendered":"https:\/\/elmercuriomanta.ec\/?p=31842"},"modified":"2024-11-22T12:37:20","modified_gmt":"2024-11-22T17:37:20","slug":"noboa-destinara-decomiso-de-2-millones-para-quito","status":"publish","type":"post","link":"https:\/\/elmercuriomanta.ec\/index.php\/2024\/11\/22\/noboa-destinara-decomiso-de-2-millones-para-quito\/","title":{"rendered":"Noboa destinar\u00e1 decomiso de $ 2 millones para Quito"},"content":{"rendered":"\n<figure class=\"wp-block-image aligncenter size-full is-resized\"><img fetchpriority=\"high\" decoding=\"async\" width=\"440\" height=\"279\" src=\"https:\/\/elmercuriomanta.ec\/wp-content\/uploads\/2024\/11\/image-284.png\" alt=\"\" class=\"wp-image-31843\" style=\"width:247px;height:auto\" srcset=\"https:\/\/elmercuriomanta.ec\/wp-content\/uploads\/2024\/11\/image-284.png 440w, https:\/\/elmercuriomanta.ec\/wp-content\/uploads\/2024\/11\/image-284-300x190.png 300w\" sizes=\"(max-width: 440px) 100vw, 440px\" \/><\/figure>\n\n\n\n<p>En medio de una creciente tensi\u00f3n social por las movilizaciones convocadas para este jueves 21 de noviembre de 20244, tanto por el Frente Unitario de Trabajadores (FUT), la Uni\u00f3n Nacional de Educadores (UNE) y otras organizaciones sociales, el presidente Daniel Noboa hizo un pronunciamiento sobre un hallazgo significativo ocurrido en Quito. Seg\u00fan public\u00f3 el primer mandatario en su cuenta oficial de X, a las 14:09, dos mujeres provenientes de Panam\u00e1 fueron retenidas cuando transportaban 2 millones de d\u00f3lares en efectivo, un hecho que, para Noboa, no debe ser ignorado.<\/p>\n\n\n\n<p>&nbsp;\u201cHoy, en un contexto donde ciertos sectores intentan desestabilizar al Gobierno mediante movilizaciones, surge un hecho que no podemos ignorar. En Quito se detuvo a dos mujeres que llegaban de Panam\u00e1 transportando USD 2 millones en efectivo como si fuera algo com\u00fan. \u00bfCoincidencia?\u201d, escribi\u00f3 el jefe de Estado, sugiriendo que este hallazgo podr\u00eda tener un trasfondo m\u00e1s amplio. Ante esto, Noboa indic\u00f3 que, una vez concluido el proceso de extinci\u00f3n de dominio, el Ministerio de Econom\u00eda utilizar\u00e1 el dinero para la \u201cpreservaci\u00f3n patrimonial del Centro Hist\u00f3rico de Quito\u201d, que en anteriores manifestaciones sociales ha sido afectado en su infraestructura.&nbsp;<\/p>\n\n\n\n<p>MOVILIZACIONES EN EL MARCO DE UNA CRISIS EL\u00c9CTRICA<\/p>\n\n\n\n<p>&nbsp;El mensaje del Ejecutivo ocurre en un d\u00eda clave para Ecuador, ya que el pa\u00eds vive una jornada de protestas convocadas por diversas organizaciones sociales. Las manifestaciones, que tienen lugar en varias provincias, buscan expresar el descontento por la crisis energ\u00e9tica que afecta a la naci\u00f3n y la gesti\u00f3n del gobierno de Daniel Noboa.&nbsp;<\/p>\n\n\n\n<p>En Quito, el Centro Hist\u00f3rico es el epicentro de las concentraciones, con protestas programadas desde las 16:00, mientras un fuerte operativo policial y cierres viales se desarrollan en la ciudad. La situaci\u00f3n en ese sitio es particularmente tensa, con el despliegue de tanquetas y efectivos militares desde primeras horas de la ma\u00f1ana.&nbsp;<\/p>\n\n\n\n<p>ESTADO DE EXCEPCI\u00d3N EN QUITO<\/p>\n\n\n\n<p>&nbsp;La jornada de protestas tambi\u00e9n se desarrolla bajo el contexto del estado de excepci\u00f3n, que sigue vigente en el Distrito Metropolitano de Quito. Esta medida, impuesta por el Decreto Ejecutivo N\u00b0 410, restringe temporalmente ciertos derechos como la libertad de asociaci\u00f3n y la inviolabilidad del domicilio, con el fin de mantener el orden y la seguridad p\u00fablica.<\/p>\n","protected":false},"excerpt":{"rendered":"<p>En medio de una creciente tensi\u00f3n social por las movilizaciones convocadas para este jueves 21 de noviembre de 20244, tanto por el Frente Unitario de Trabajadores (FUT), la Uni\u00f3n Nacional de Educadores (UNE) y otras organizaciones sociales, el presidente Daniel Noboa hizo un pronunciamiento sobre un hallazgo significativo ocurrido en Quito. <\/p>\n","protected":false},"author":14,"featured_media":31843,"comment_status":"open","ping_status":"open","sticky":false,"template":"","format":"standard","meta":{"footnotes":""},"categories":[19,1],"tags":[23],"class_list":["post-31842","post","type-post","status-publish","format-standard","has-post-thumbnail","hentry","category-portada-1","category-uncategorized","tag-ecuador"],"_links":{"self":[{"href":"https:\/\/elmercuriomanta.ec\/index.php\/wp-json\/wp\/v2\/posts\/31842","targetHints":{"allow":["GET"]}}],"collection":[{"href":"https:\/\/elmercuriomanta.ec\/index.php\/wp-json\/wp\/v2\/posts"}],"about":[{"href":"https:\/\/elmercuriomanta.ec\/index.php\/wp-json\/wp\/v2\/types\/post"}],"author":[{"embeddable":true,"href":"https:\/\/elmercuriomanta.ec\/index.php\/wp-json\/wp\/v2\/users\/14"}],"replies":[{"embeddable":true,"href":"https:\/\/elmercuriomanta.ec\/index.php\/wp-json\/wp\/v2\/comments?post=31842"}],"version-history":[{"count":1,"href":"https:\/\/elmercuriomanta.ec\/index.php\/wp-json\/wp\/v2\/posts\/31842\/revisions"}],"predecessor-version":[{"id":31844,"href":"https:\/\/elmercuriomanta.ec\/index.php\/wp-json\/wp\/v2\/posts\/31842\/revisions\/31844"}],"wp:featuredmedia":[{"embeddable":true,"href":"https:\/\/elmercuriomanta.ec\/index.php\/wp-json\/wp\/v2\/media\/31843"}],"wp:attachment":[{"href":"https:\/\/elmercuriomanta.ec\/index.php\/wp-json\/wp\/v2\/media?parent=31842"}],"wp:term":[{"taxonomy":"category","embeddable":true,"href":"https:\/\/elmercuriomanta.ec\/index.php\/wp-json\/wp\/v2\/categories?post=31842"},{"taxonomy":"post_tag","embeddable":true,"href":"https:\/\/elmercuriomanta.ec\/index.php\/wp-json\/wp\/v2\/tags?post=31842"}],"curies":[{"name":"wp","href":"https:\/\/api.w.org\/{rel}","templated":true}]}}