{"id":31197,"date":"2024-11-12T16:00:24","date_gmt":"2024-11-12T21:00:24","guid":{"rendered":"https:\/\/elmercuriomanta.ec\/?p=31197"},"modified":"2024-11-12T16:00:24","modified_gmt":"2024-11-12T21:00:24","slug":"conferencia-sobre-el-archivo-historico-de-manta","status":"publish","type":"post","link":"https:\/\/elmercuriomanta.ec\/index.php\/2024\/11\/12\/conferencia-sobre-el-archivo-historico-de-manta\/","title":{"rendered":"Conferencia Sobre el Archivo Hist\u00f3rico de Manta"},"content":{"rendered":"\n<figure class=\"wp-block-image aligncenter size-full is-resized\"><img fetchpriority=\"high\" decoding=\"async\" width=\"556\" height=\"381\" src=\"https:\/\/elmercuriomanta.ec\/wp-content\/uploads\/2024\/11\/image-136.png\" alt=\"\" class=\"wp-image-31198\" style=\"width:414px;height:auto\" srcset=\"https:\/\/elmercuriomanta.ec\/wp-content\/uploads\/2024\/11\/image-136.png 556w, https:\/\/elmercuriomanta.ec\/wp-content\/uploads\/2024\/11\/image-136-300x206.png 300w\" sizes=\"(max-width: 556px) 100vw, 556px\" \/><\/figure>\n\n\n\n<p>El pasado 4 de noviembre se suscribi\u00f3 convenio entre el Ministerio de Cultura y Patrimonio con la alcald\u00eda de Manta para implementar el Archivo Hist\u00f3rico de Manta en el primer piso del edificio del Museo Centro Cultural Manta (MCCM).<\/p>\n\n\n\n<p>Para comprender la importancia de este logro, el Comit\u00e9 C\u00edvico de la Memoria Hist\u00f3rica de Manta est\u00e1 invitando a la conferencia: \u201cVALOR Y TRASCENDENCIA DEL ARCHIVO HIST\u00d3RICO PARA UNA CIUDAD\u201d que se dictar\u00e1 el d\u00eda mi\u00e9rcoles 13 de noviembre, desde las 10:00, en el audit\u00f3rium del MCCM.<\/p>\n\n\n\n<p>La expositora es la Lic. Dolores Elizabeth Fari\u00f1o Vallejo, Responsable del Archivo Hist\u00f3rico Nacional Zonal Tungurahua, quien posee amplia experiencia en Archivolog\u00eda, Bibliotecolog\u00eda y Documentolog\u00eda a m\u00e1s de ser Tecn\u00f3loga en An\u00e1lisis de Sistemas y Programaci\u00f3n.<\/p>\n","protected":false},"excerpt":{"rendered":"<p>El pasado 4 de noviembre se suscribi\u00f3 convenio entre el Ministerio de Cultura y Patrimonio con la alcald\u00eda de Manta para implementar el Archivo Hist\u00f3rico de Manta en el primer piso del edificio del Museo Centro Cultural Manta (MCCM).<\/p>\n<p>Para comprender la importancia de este logro, el Comit\u00e9 C\u00edvico de la Memoria Hist\u00f3rica de Manta est\u00e1 invitando a la conferencia: \u201cVALOR Y TRASCENDENCIA DEL ARCHIVO HIST\u00d3RICO PARA UNA CIUDAD\u201d que se dictar\u00e1 el d\u00eda mi\u00e9rcoles 13 de noviembre, desde las 10:00, en el audit\u00f3rium del MCCM.<\/p>\n<p>La expositora es la Lic. Dolores Elizabeth Fari\u00f1o Vallejo, Responsable del Archivo Hist\u00f3rico Nacional Zonal Tungurahua, quien posee amplia experiencia en Archivolog\u00eda, Bibliotecolog\u00eda y Documentolog\u00eda a m\u00e1s de ser Tecn\u00f3loga en An\u00e1lisis de Sistemas y Programaci\u00f3n.<\/p>\n","protected":false},"author":12,"featured_media":31198,"comment_status":"open","ping_status":"open","sticky":false,"template":"","format":"standard","meta":{"footnotes":""},"categories":[1],"tags":[38],"class_list":["post-31197","post","type-post","status-publish","format-standard","has-post-thumbnail","hentry","category-uncategorized","tag-manta"],"_links":{"self":[{"href":"https:\/\/elmercuriomanta.ec\/index.php\/wp-json\/wp\/v2\/posts\/31197","targetHints":{"allow":["GET"]}}],"collection":[{"href":"https:\/\/elmercuriomanta.ec\/index.php\/wp-json\/wp\/v2\/posts"}],"about":[{"href":"https:\/\/elmercuriomanta.ec\/index.php\/wp-json\/wp\/v2\/types\/post"}],"author":[{"embeddable":true,"href":"https:\/\/elmercuriomanta.ec\/index.php\/wp-json\/wp\/v2\/users\/12"}],"replies":[{"embeddable":true,"href":"https:\/\/elmercuriomanta.ec\/index.php\/wp-json\/wp\/v2\/comments?post=31197"}],"version-history":[{"count":1,"href":"https:\/\/elmercuriomanta.ec\/index.php\/wp-json\/wp\/v2\/posts\/31197\/revisions"}],"predecessor-version":[{"id":31199,"href":"https:\/\/elmercuriomanta.ec\/index.php\/wp-json\/wp\/v2\/posts\/31197\/revisions\/31199"}],"wp:featuredmedia":[{"embeddable":true,"href":"https:\/\/elmercuriomanta.ec\/index.php\/wp-json\/wp\/v2\/media\/31198"}],"wp:attachment":[{"href":"https:\/\/elmercuriomanta.ec\/index.php\/wp-json\/wp\/v2\/media?parent=31197"}],"wp:term":[{"taxonomy":"category","embeddable":true,"href":"https:\/\/elmercuriomanta.ec\/index.php\/wp-json\/wp\/v2\/categories?post=31197"},{"taxonomy":"post_tag","embeddable":true,"href":"https:\/\/elmercuriomanta.ec\/index.php\/wp-json\/wp\/v2\/tags?post=31197"}],"curies":[{"name":"wp","href":"https:\/\/api.w.org\/{rel}","templated":true}]}}