{"id":31114,"date":"2024-11-10T14:42:04","date_gmt":"2024-11-10T19:42:04","guid":{"rendered":"https:\/\/elmercuriomanta.ec\/?p=31114"},"modified":"2024-11-10T14:42:04","modified_gmt":"2024-11-10T19:42:04","slug":"ministerio-de-trabajo-suspende-a-veronica-abad-por-150-dias-sin-sueldo","status":"publish","type":"post","link":"https:\/\/elmercuriomanta.ec\/index.php\/2024\/11\/10\/ministerio-de-trabajo-suspende-a-veronica-abad-por-150-dias-sin-sueldo\/","title":{"rendered":"Ministerio de Trabajo Suspende a Ver\u00f3nica Abad por 150 D\u00edas Sin Sueldo"},"content":{"rendered":"\n<figure class=\"wp-block-image aligncenter size-full is-resized\"><img fetchpriority=\"high\" decoding=\"async\" width=\"318\" height=\"159\" src=\"https:\/\/elmercuriomanta.ec\/wp-content\/uploads\/2024\/11\/image-108.png\" alt=\"\" class=\"wp-image-31115\" style=\"width:494px;height:auto\" srcset=\"https:\/\/elmercuriomanta.ec\/wp-content\/uploads\/2024\/11\/image-108.png 318w, https:\/\/elmercuriomanta.ec\/wp-content\/uploads\/2024\/11\/image-108-300x150.png 300w\" sizes=\"(max-width: 318px) 100vw, 318px\" \/><\/figure>\n\n\n\n<p>Ver\u00f3nica Abad fue suspendida temporalmente por 150 d\u00edas sin remuneraci\u00f3n. As\u00ed lo resolvi\u00f3 el Ministerio de Trabajo este viernes 8 de noviembre de 2024, tras la audiencia por sumario administrativo que se inici\u00f3 contra la Vicepresidenta. Abad fue se\u00f1alada por la Cartera de Estado de abandono injustificado del puesto de trabajo por tres o m\u00e1s d\u00edas laborables consecutivos. En el documento, se detalla que ella deb\u00eda presentarse en la Embajada de Ecuador en Turqu\u00eda el 1 de septiembre de 2024.<\/p>\n\n\n\n<p>Sin embargo, de acuerdo al Ministerio de Trabajo, la Vicepresidenta se ausent\u00f3 cinco d\u00edas, entre el 2 y 6 de septiembre. Por eso, la instituci\u00f3n resolvi\u00f3 suspender temporalmente a Abad por 150 d\u00edas sin remuneraci\u00f3n. Cuando concluyan el plazo, Abad deber\u00e1 reincorporarse al lugar f\u00edsico de trabajo que la autoridad administrativa disponga. El pasado 5 de noviembre, el Tribunal Contencioso Electoral sancion\u00f3 a Abad por infracci\u00f3n grave electoral. Fue multada con USD 8 500.<\/p>\n","protected":false},"excerpt":{"rendered":"<p>Ver\u00f3nica Abad fue suspendida temporalmente por 150 d\u00edas sin remuneraci\u00f3n. As\u00ed lo resolvi\u00f3 el Ministerio de Trabajo este viernes 8 de noviembre de 2024, tras la audiencia por sumario administrativo que se inici\u00f3 contra la Vicepresidenta. Abad fue se\u00f1alada por la Cartera de Estado de abandono injustificado del puesto de trabajo por tres o m\u00e1s d\u00edas laborables consecutivos. En el documento, se detalla que ella deb\u00eda presentarse en la Embajada de Ecuador en Turqu\u00eda el 1 de septiembre de 2024.<\/p>\n<p>Sin embargo, de acuerdo al Ministerio de Trabajo, la Vicepresidenta se ausent\u00f3 cinco d\u00edas, entre el 2 y 6 de septiembre. Por eso, la instituci\u00f3n resolvi\u00f3 suspender temporalmente a Abad por 150 d\u00edas sin remuneraci\u00f3n. Cuando concluyan el plazo, Abad deber\u00e1 reincorporarse al lugar f\u00edsico de trabajo que la autoridad administrativa disponga. El pasado 5 de noviembre, el Tribunal Contencioso Electoral sancion\u00f3 a Abad por infracci\u00f3n grave electoral. Fue multada con USD 8 500.<\/p>\n","protected":false},"author":12,"featured_media":31115,"comment_status":"open","ping_status":"open","sticky":false,"template":"","format":"standard","meta":{"footnotes":""},"categories":[19],"tags":[],"class_list":["post-31114","post","type-post","status-publish","format-standard","has-post-thumbnail","hentry","category-portada-1"],"_links":{"self":[{"href":"https:\/\/elmercuriomanta.ec\/index.php\/wp-json\/wp\/v2\/posts\/31114","targetHints":{"allow":["GET"]}}],"collection":[{"href":"https:\/\/elmercuriomanta.ec\/index.php\/wp-json\/wp\/v2\/posts"}],"about":[{"href":"https:\/\/elmercuriomanta.ec\/index.php\/wp-json\/wp\/v2\/types\/post"}],"author":[{"embeddable":true,"href":"https:\/\/elmercuriomanta.ec\/index.php\/wp-json\/wp\/v2\/users\/12"}],"replies":[{"embeddable":true,"href":"https:\/\/elmercuriomanta.ec\/index.php\/wp-json\/wp\/v2\/comments?post=31114"}],"version-history":[{"count":1,"href":"https:\/\/elmercuriomanta.ec\/index.php\/wp-json\/wp\/v2\/posts\/31114\/revisions"}],"predecessor-version":[{"id":31116,"href":"https:\/\/elmercuriomanta.ec\/index.php\/wp-json\/wp\/v2\/posts\/31114\/revisions\/31116"}],"wp:featuredmedia":[{"embeddable":true,"href":"https:\/\/elmercuriomanta.ec\/index.php\/wp-json\/wp\/v2\/media\/31115"}],"wp:attachment":[{"href":"https:\/\/elmercuriomanta.ec\/index.php\/wp-json\/wp\/v2\/media?parent=31114"}],"wp:term":[{"taxonomy":"category","embeddable":true,"href":"https:\/\/elmercuriomanta.ec\/index.php\/wp-json\/wp\/v2\/categories?post=31114"},{"taxonomy":"post_tag","embeddable":true,"href":"https:\/\/elmercuriomanta.ec\/index.php\/wp-json\/wp\/v2\/tags?post=31114"}],"curies":[{"name":"wp","href":"https:\/\/api.w.org\/{rel}","templated":true}]}}