{"id":31025,"date":"2024-11-08T09:46:06","date_gmt":"2024-11-08T14:46:06","guid":{"rendered":"https:\/\/elmercuriomanta.ec\/?p=31025"},"modified":"2024-11-08T09:46:06","modified_gmt":"2024-11-08T14:46:06","slug":"sacerdote-estara-celebrando-sus-100-anos-en-manta","status":"publish","type":"post","link":"https:\/\/elmercuriomanta.ec\/index.php\/2024\/11\/08\/sacerdote-estara-celebrando-sus-100-anos-en-manta\/","title":{"rendered":"Sacerdote estar\u00e1 celebrando sus 100 a\u00f1os en Manta"},"content":{"rendered":"\n<div class=\"wp-block-columns is-layout-flex wp-container-core-columns-is-layout-28f84493 wp-block-columns-is-layout-flex\">\n<div class=\"wp-block-column is-layout-flow wp-block-column-is-layout-flow\">\n<figure class=\"wp-block-image size-large\"><img fetchpriority=\"high\" decoding=\"async\" width=\"1024\" height=\"682\" src=\"https:\/\/elmercuriomanta.ec\/wp-content\/uploads\/2024\/11\/WhatsApp-Image-2024-11-07-at-17.28.14-1024x682.jpeg\" alt=\"\" class=\"wp-image-31027\" srcset=\"https:\/\/elmercuriomanta.ec\/wp-content\/uploads\/2024\/11\/WhatsApp-Image-2024-11-07-at-17.28.14-1024x682.jpeg 1024w, https:\/\/elmercuriomanta.ec\/wp-content\/uploads\/2024\/11\/WhatsApp-Image-2024-11-07-at-17.28.14-300x200.jpeg 300w, https:\/\/elmercuriomanta.ec\/wp-content\/uploads\/2024\/11\/WhatsApp-Image-2024-11-07-at-17.28.14-768x512.jpeg 768w, https:\/\/elmercuriomanta.ec\/wp-content\/uploads\/2024\/11\/WhatsApp-Image-2024-11-07-at-17.28.14-1536x1023.jpeg 1536w, https:\/\/elmercuriomanta.ec\/wp-content\/uploads\/2024\/11\/WhatsApp-Image-2024-11-07-at-17.28.14.jpeg 1600w\" sizes=\"(max-width: 1024px) 100vw, 1024px\" \/><\/figure>\n<\/div>\n\n\n\n<div class=\"wp-block-column is-layout-flow wp-block-column-is-layout-flow\">\n<figure class=\"wp-block-image size-large\"><img decoding=\"async\" width=\"1024\" height=\"682\" src=\"https:\/\/elmercuriomanta.ec\/wp-content\/uploads\/2024\/11\/WhatsApp-Image-2024-11-07-at-17.28.10-1024x682.jpeg\" alt=\"\" class=\"wp-image-31028\" srcset=\"https:\/\/elmercuriomanta.ec\/wp-content\/uploads\/2024\/11\/WhatsApp-Image-2024-11-07-at-17.28.10-1024x682.jpeg 1024w, https:\/\/elmercuriomanta.ec\/wp-content\/uploads\/2024\/11\/WhatsApp-Image-2024-11-07-at-17.28.10-300x200.jpeg 300w, https:\/\/elmercuriomanta.ec\/wp-content\/uploads\/2024\/11\/WhatsApp-Image-2024-11-07-at-17.28.10-768x512.jpeg 768w, https:\/\/elmercuriomanta.ec\/wp-content\/uploads\/2024\/11\/WhatsApp-Image-2024-11-07-at-17.28.10-1536x1023.jpeg 1536w, https:\/\/elmercuriomanta.ec\/wp-content\/uploads\/2024\/11\/WhatsApp-Image-2024-11-07-at-17.28.10.jpeg 1600w\" sizes=\"(max-width: 1024px) 100vw, 1024px\" \/><\/figure>\n<\/div>\n<\/div>\n\n\n\n<p>Este domingo 10 de noviembre en la Iglesia La Merced, la comunidad de Manta estar\u00e1 celebrando con mucha alegr\u00eda una eucarist\u00eda de Acci\u00f3n de Gracias en gratitud a Dios por los 100 a\u00f1os de vida del Padre Antonio Montijano, S.J.<\/p>\n\n\n\n<p>El Padre Antonio naci\u00f3 en C\u00f3rdoba, Espa\u00f1a el 7 de noviembre de 1924 y fue bautizado con los nombres de: Antonio Mar\u00eda, Rafael Ignacio, Florencio, de los Sagrados Corazones de Jes\u00fas y Mar\u00eda, y de los M\u00e1rtires de C\u00f3rdoba.<\/p>\n\n\n\n<p>A los 19 a\u00f1os ingres\u00f3 al noviciado jesuita en el Puerto de Santa Mar\u00eda. Al finalizar la etapa de Filosof\u00eda, el Superior de la Casa invit\u00f3 a Jap\u00f3n y Ecuador para colaborar como misioneros. El P. Antonio se ofreci\u00f3 para el Ecuador.<\/p>\n\n\n\n<p>El Magisterio lo hizo en el Colegio San Felipe de Riobamba, donde ejerci\u00f3 como Inspector de los Internos y Profesor del Colegio. Luego fue enviado a Granada, Espa\u00f1a para que estudie Teolog\u00eda. Al final del tercer a\u00f1o se ordena como Sacerdote.<\/p>\n\n\n\n<p>Luego de haber terminado la tercera Probaci\u00f3n, regres\u00f3 al Ecuador y fue enviado a Riobamba, al Colegio San Felipe. Posteriormente estuvo en la Residencia San Ignacio, colaborando tambi\u00e9n en el Colegio Gonzaga. Estuvo a cargo del Movimiento Familiar Cristiano. Su permanencia en Quito dur\u00f3 diez a\u00f1os.<\/p>\n\n\n\n<p>En los a\u00f1os 1966 y 1967 hace un curso de Lumen Vitae (Bruselas). En este a\u00f1o act\u00faa de capell\u00e1n de religiosas en barrio de Bruselas.<\/p>\n\n\n\n<p>En 1973 por los cincuenta a\u00f1os de creaci\u00f3n de la Parroquia la Merced de Manta, el P. Provincial Luis Ambrosio Cruz Tobar, destin\u00f3 un grupo de jesuitas para Manta. De este grupo quedaron Luis Casa\u00f1as, Antonio Montijano y Enrique Rodr\u00edguez.<\/p>\n\n\n\n<p>Posteriormente se hizo cargo de la nueva parroquia de Solanda que comenzaba a funcionar, en ella permaneci\u00f3 durante dos a\u00f1os y nueve meses. Finalmente regres\u00f3 a su querida Manta.<\/p>\n\n\n\n<p><strong>Su labor en Manta.<\/strong> En nuestra ciudad vivi\u00f3 38 a\u00f1os, colaborando no solo en la expansi\u00f3n de la evangelizaci\u00f3n, confesiones, visita a los enfermos, la preparaci\u00f3n prematrimonial en el Centro de Espiritualidad San Pedro Claver, y ayudar a los diferentes P\u00e1rrocos de la Parroquia. Sino tambi\u00e9n en la atenci\u00f3n social con medicina, educaci\u00f3n y otras necesidades, que luego se atendieron con un centro de promoci\u00f3n social como es la Fundaci\u00f3n R\u00edo Manta. Siempre estuvo dispuesto a ayudar en lo que se necesitara.<\/p>\n\n\n\n<p>Junto al Padre Luis Casa\u00f1as realizaron una importante obra de corte social: se comenz\u00f3 a comprar terrenos y lotizar para construir viviendas. Obra en la que tambi\u00e9n ayud\u00f3 el P. Patricio Salazar. Se construyeron tambi\u00e9n unos puentes sobre el r\u00edo Manta: primero de madera, pero por los aluviones e inundaciones, se hizo un puente de concreto que dur\u00f3 muchos a\u00f1os.<\/p>\n\n\n\n<p>Don\u00f3 la imagen Sagrada familia a la Capilla (Hoy Iglesia Sagrada Familia). Esta y varias donaciones las realiz\u00f3 con apoyo de su familia. \u00c9l ayudaba buscar los materiales, los trabajadores, \u00e9l vigilaba los trabajos, transform\u00f3 el Barrio Miraflores.<\/p>\n\n\n\n<p>Igualmente asesor\u00f3 a la Comunidad de Vida Cristiana (CVX en Manta) desde sus primeros a\u00f1os hasta el 2013.<\/p>\n\n\n\n<p>A finales del 2013 dej\u00f3 Manta por problemas de salud, y desde ese entonces permanece en la Casa de Enfermer\u00eda Maurilio Detroux de los Jesuitas, en la ciudad de Quito. Hoy jueves 7 de noviembre de 2024, est\u00e1 cumpliendo 100 a\u00f1os de vida, una vida plena al servicio de los dem\u00e1s, para Mayor Gloria de Dios.<\/p>\n","protected":false},"excerpt":{"rendered":"<p>Este domingo 10 de noviembre en la Iglesia La Merced, la comunidad de Manta estar\u00e1 celebrando con mucha alegr\u00eda una eucarist\u00eda de Acci\u00f3n de Gracias en gratitud a Dios por los 100 a\u00f1os de vida del Padre Antonio Montijano, S.J.<\/p>\n","protected":false},"author":14,"featured_media":31028,"comment_status":"open","ping_status":"open","sticky":false,"template":"","format":"standard","meta":{"footnotes":""},"categories":[21],"tags":[38],"class_list":["post-31025","post","type-post","status-publish","format-standard","has-post-thumbnail","hentry","category-noticia-del-dia","tag-manta"],"_links":{"self":[{"href":"https:\/\/elmercuriomanta.ec\/index.php\/wp-json\/wp\/v2\/posts\/31025","targetHints":{"allow":["GET"]}}],"collection":[{"href":"https:\/\/elmercuriomanta.ec\/index.php\/wp-json\/wp\/v2\/posts"}],"about":[{"href":"https:\/\/elmercuriomanta.ec\/index.php\/wp-json\/wp\/v2\/types\/post"}],"author":[{"embeddable":true,"href":"https:\/\/elmercuriomanta.ec\/index.php\/wp-json\/wp\/v2\/users\/14"}],"replies":[{"embeddable":true,"href":"https:\/\/elmercuriomanta.ec\/index.php\/wp-json\/wp\/v2\/comments?post=31025"}],"version-history":[{"count":1,"href":"https:\/\/elmercuriomanta.ec\/index.php\/wp-json\/wp\/v2\/posts\/31025\/revisions"}],"predecessor-version":[{"id":31029,"href":"https:\/\/elmercuriomanta.ec\/index.php\/wp-json\/wp\/v2\/posts\/31025\/revisions\/31029"}],"wp:featuredmedia":[{"embeddable":true,"href":"https:\/\/elmercuriomanta.ec\/index.php\/wp-json\/wp\/v2\/media\/31028"}],"wp:attachment":[{"href":"https:\/\/elmercuriomanta.ec\/index.php\/wp-json\/wp\/v2\/media?parent=31025"}],"wp:term":[{"taxonomy":"category","embeddable":true,"href":"https:\/\/elmercuriomanta.ec\/index.php\/wp-json\/wp\/v2\/categories?post=31025"},{"taxonomy":"post_tag","embeddable":true,"href":"https:\/\/elmercuriomanta.ec\/index.php\/wp-json\/wp\/v2\/tags?post=31025"}],"curies":[{"name":"wp","href":"https:\/\/api.w.org\/{rel}","templated":true}]}}