{"id":30718,"date":"2024-11-02T13:33:36","date_gmt":"2024-11-02T18:33:36","guid":{"rendered":"https:\/\/elmercuriomanta.ec\/?p=30718"},"modified":"2024-11-02T13:33:36","modified_gmt":"2024-11-02T18:33:36","slug":"manana-alzate-y-jessi-uribe-del-programa-yo-me-llamo-en-el-balneario-mis-4-amazonas","status":"publish","type":"post","link":"https:\/\/elmercuriomanta.ec\/index.php\/2024\/11\/02\/manana-alzate-y-jessi-uribe-del-programa-yo-me-llamo-en-el-balneario-mis-4-amazonas\/","title":{"rendered":"Ma\u00f1ana Alzate y Jessi Uribe del programa Yo Me Llamo en el Balneario Mis 4 Amazonas"},"content":{"rendered":"\n<figure class=\"wp-block-image aligncenter size-full is-resized\"><img fetchpriority=\"high\" decoding=\"async\" width=\"686\" height=\"386\" src=\"https:\/\/elmercuriomanta.ec\/wp-content\/uploads\/2024\/11\/image-21.png\" alt=\"\" class=\"wp-image-30719\" style=\"width:483px;height:auto\" srcset=\"https:\/\/elmercuriomanta.ec\/wp-content\/uploads\/2024\/11\/image-21.png 686w, https:\/\/elmercuriomanta.ec\/wp-content\/uploads\/2024\/11\/image-21-300x169.png 300w\" sizes=\"(max-width: 686px) 100vw, 686px\" \/><\/figure>\n\n\n\n<p>Man\u0308ana en el balneario \u201cMis 4 Amazonas\u201d del cant\u00f3n Jun\u00edn estar\u00e1n cantando los artistas criollos \u201cAlzate\u201d y Jessi Uribe del programa \u201cYo Me Llamo\u201d de Teleamazonas. \u201cEstaremos con todos nuestros repertorios musicales, est\u00e1n invitados ciudadan\u00eda en general para deleitar con esa m\u00fasica corta venas, dijeron ambos artistas del programa de Teleamazonas en un video\u201d.<\/p>\n\n\n\n<p>El empresario jaramijense, Samuel \u00b7Negro\u201d Celi que quiere much\u00edsimo a Jun\u00edn, est\u00e1 creciendo cada d\u00eda en turismo Jun\u00edn y el sitio Piquigua, nuestros hermanos emprendedores cada fin de semana ellos salen contentos con sus negocios, hay m\u00e1s proyectos en el futuro que poco a poco lo vamos dando a conocer, dijo Celi. Est\u00e1n cordialmente invitados para que disfruten el Finca Balnearios \u201cMis 4 Amazonas\u201d man\u0308 ana te esperamos para que disfrute todo nuestro balneario, la gastronom\u00eda y los paisajes.<\/p>\n","protected":false},"excerpt":{"rendered":"<p>Man\u0308ana en el balneario \u201cMis 4 Amazonas\u201d del cant\u00f3n Jun\u00edn estar\u00e1n cantando los artistas criollos \u201cAlzate\u201d y Jessi Uribe del programa \u201cYo Me Llamo\u201d de Teleamazonas. \u201cEstaremos con todos nuestros repertorios musicales, est\u00e1n invitados ciudadan\u00eda en general para deleitar con esa m\u00fasica corta venas, dijeron ambos artistas del programa de Teleamazonas en un video\u201d.<\/p>\n<p>El empresario jaramijense, Samuel \u00b7Negro\u201d Celi que quiere much\u00edsimo a Jun\u00edn, est\u00e1 creciendo cada d\u00eda en turismo Jun\u00edn y el sitio Piquigua, nuestros hermanos emprendedores cada fin de semana ellos salen contentos con sus negocios, hay m\u00e1s proyectos en el futuro que poco a poco lo vamos dando a conocer, dijo Celi. Est\u00e1n cordialmente invitados para que disfruten el Finca Balnearios \u201cMis 4 Amazonas\u201d man\u0308 ana te esperamos para que disfrute todo nuestro balneario, la gastronom\u00eda y los paisajes.<\/p>\n","protected":false},"author":12,"featured_media":30719,"comment_status":"open","ping_status":"open","sticky":false,"template":"","format":"standard","meta":{"footnotes":""},"categories":[1],"tags":[29],"class_list":["post-30718","post","type-post","status-publish","format-standard","has-post-thumbnail","hentry","category-uncategorized","tag-manabi"],"_links":{"self":[{"href":"https:\/\/elmercuriomanta.ec\/index.php\/wp-json\/wp\/v2\/posts\/30718","targetHints":{"allow":["GET"]}}],"collection":[{"href":"https:\/\/elmercuriomanta.ec\/index.php\/wp-json\/wp\/v2\/posts"}],"about":[{"href":"https:\/\/elmercuriomanta.ec\/index.php\/wp-json\/wp\/v2\/types\/post"}],"author":[{"embeddable":true,"href":"https:\/\/elmercuriomanta.ec\/index.php\/wp-json\/wp\/v2\/users\/12"}],"replies":[{"embeddable":true,"href":"https:\/\/elmercuriomanta.ec\/index.php\/wp-json\/wp\/v2\/comments?post=30718"}],"version-history":[{"count":1,"href":"https:\/\/elmercuriomanta.ec\/index.php\/wp-json\/wp\/v2\/posts\/30718\/revisions"}],"predecessor-version":[{"id":30720,"href":"https:\/\/elmercuriomanta.ec\/index.php\/wp-json\/wp\/v2\/posts\/30718\/revisions\/30720"}],"wp:featuredmedia":[{"embeddable":true,"href":"https:\/\/elmercuriomanta.ec\/index.php\/wp-json\/wp\/v2\/media\/30719"}],"wp:attachment":[{"href":"https:\/\/elmercuriomanta.ec\/index.php\/wp-json\/wp\/v2\/media?parent=30718"}],"wp:term":[{"taxonomy":"category","embeddable":true,"href":"https:\/\/elmercuriomanta.ec\/index.php\/wp-json\/wp\/v2\/categories?post=30718"},{"taxonomy":"post_tag","embeddable":true,"href":"https:\/\/elmercuriomanta.ec\/index.php\/wp-json\/wp\/v2\/tags?post=30718"}],"curies":[{"name":"wp","href":"https:\/\/api.w.org\/{rel}","templated":true}]}}