{"id":30208,"date":"2024-10-25T11:13:42","date_gmt":"2024-10-25T16:13:42","guid":{"rendered":"https:\/\/elmercuriomanta.ec\/?p=30208"},"modified":"2024-10-25T11:13:42","modified_gmt":"2024-10-25T16:13:42","slug":"manta-celebra-102-anos-de-cantonizacion-con-dos-grandes-desfiles","status":"publish","type":"post","link":"https:\/\/elmercuriomanta.ec\/index.php\/2024\/10\/25\/manta-celebra-102-anos-de-cantonizacion-con-dos-grandes-desfiles\/","title":{"rendered":"Manta Celebra 102 A\u00f1os de Cantonizaci\u00f3n con Dos Grandes Desfiles"},"content":{"rendered":"\n<figure class=\"wp-block-image aligncenter size-large is-resized\"><img fetchpriority=\"high\" decoding=\"async\" width=\"1024\" height=\"576\" src=\"https:\/\/elmercuriomanta.ec\/wp-content\/uploads\/2024\/10\/image-338-1024x576.png\" alt=\"\" class=\"wp-image-30210\" style=\"width:439px;height:auto\" srcset=\"https:\/\/elmercuriomanta.ec\/wp-content\/uploads\/2024\/10\/image-338-1024x576.png 1024w, https:\/\/elmercuriomanta.ec\/wp-content\/uploads\/2024\/10\/image-338-300x169.png 300w, https:\/\/elmercuriomanta.ec\/wp-content\/uploads\/2024\/10\/image-338-768x432.png 768w, https:\/\/elmercuriomanta.ec\/wp-content\/uploads\/2024\/10\/image-338.png 1200w\" sizes=\"(max-width: 1024px) 100vw, 1024px\" \/><\/figure>\n\n\n\n<p>Manta celebra 102 a\u00f1os de creaci\u00f3n cantonal este 4 de noviembre y lo festejar\u00e1 con dos grandes desfiles. El primero ser\u00e1 el 3 de noviembre y se denominar\u00e1 desfile ciudadano. El segundo ser\u00e1 un desfile c\u00edvico, el 4 de noviembre. El desfile del 3 de noviembre brindar\u00e1 homenaje que le dar\u00e1 el pueblo mantense a su ciudad. Ah\u00ed participar\u00e1n las unidades educativas, organizaciones, asociaciones, gremios, los barrios y dem\u00e1s representaciones sociales, se espera una fiesta ciudadana en las calles mantenses.<\/p>\n\n\n\n<p>Su recorrido empezar\u00e1 a las 08h30 y comprende la calle 13, desde la Av. 24 hasta la Av. 4, y de ah\u00ed hasta la intersecci\u00f3n con la calle 9, en frente de la municipalidad. Al d\u00eda siguiente, el 4 de noviembre, ser\u00e1 el desfile c\u00edvico habitual con la participaci\u00f3n de solo 15 unidades educativas y delegaciones institucionales. Su recorrido iniciar\u00e1 a las 08h30 y ser\u00e1 por la avenida Malec\u00f3n, desde la Capitan\u00eda del Puerto hasta el sector de la Gasolinera Shell.<\/p>\n\n\n\n<p><strong>Un poco de historia<\/strong><\/p>\n\n\n\n<p>El 4 de noviembre de 1922, el Congreso de la Rep\u00fablica del Ecuador, aprob\u00f3 oficialmente en su registro la cantonizaci\u00f3n de Manta. Sin embargo, no fue hasta el 7 de septiembre del mismo a\u00f1o, que ser\u00eda aprobado este proyecto y fue entregado al Senado. El 29 de septiembre de 1922, Jos\u00e9 Luis Tamayo, presidente de ese entonces del Ecuador, autoriz\u00f3 la cantonizaci\u00f3n de Manta. Finalmente, dicho presidente ejecut\u00f3 el decreto el 30 de septiembre, para que as\u00ed el 4 de noviembre de 1922 entrar\u00e1 en vigencia y Manta sea proclamada cant\u00f3n.<\/p>\n","protected":false},"excerpt":{"rendered":"<p>Manta celebra 102 a\u00f1os de creaci\u00f3n cantonal este 4 de noviembre y lo festejar\u00e1 con dos grandes desfiles. El primero ser\u00e1 el 3 de noviembre y se denominar\u00e1 desfile ciudadano. El segundo ser\u00e1 un desfile c\u00edvico, el 4 de noviembre. El desfile del 3 de noviembre brindar\u00e1 homenaje que le dar\u00e1 el pueblo mantense a su ciudad. Ah\u00ed participar\u00e1n las unidades educativas, organizaciones, asociaciones, gremios, los barrios y dem\u00e1s representaciones sociales, se espera una fiesta ciudadana en las calles mantenses.<\/p>\n<p>Su recorrido empezar\u00e1 a las 08h30 y comprende la calle 13, desde la Av. 24 hasta la Av. 4, y de ah\u00ed hasta la intersecci\u00f3n con la calle 9, en frente de la municipalidad. Al d\u00eda siguiente, el 4 de noviembre, ser\u00e1 el desfile c\u00edvico habitual con la participaci\u00f3n de solo 15 unidades educativas y delegaciones institucionales. Su recorrido iniciar\u00e1 a las 08h30 y ser\u00e1 por la avenida Malec\u00f3n, desde la Capitan\u00eda del Puerto hasta el sector de la Gasolinera Shell.<\/p>\n<p>Un poco de historia<\/p>\n<p>El 4 de noviembre de 1922, el Congreso de la Rep\u00fablica del Ecuador, aprob\u00f3 oficialmente en su registro la cantonizaci\u00f3n de Manta. Sin embargo, no fue hasta el 7 de septiembre del mismo a\u00f1o, que ser\u00eda aprobado este proyecto y fue entregado al Senado. El 29 de septiembre de 1922, Jos\u00e9 Luis Tamayo, presidente de ese entonces del Ecuador, autoriz\u00f3 la cantonizaci\u00f3n de Manta. Finalmente, dicho presidente ejecut\u00f3 el decreto el 30 de septiembre, para que as\u00ed el 4 de noviembre de 1922 entrar\u00e1 en vigencia y Manta sea proclamada cant\u00f3n.<\/p>\n","protected":false},"author":12,"featured_media":30210,"comment_status":"open","ping_status":"open","sticky":false,"template":"","format":"standard","meta":{"footnotes":""},"categories":[1],"tags":[38],"class_list":["post-30208","post","type-post","status-publish","format-standard","has-post-thumbnail","hentry","category-uncategorized","tag-manta"],"_links":{"self":[{"href":"https:\/\/elmercuriomanta.ec\/index.php\/wp-json\/wp\/v2\/posts\/30208","targetHints":{"allow":["GET"]}}],"collection":[{"href":"https:\/\/elmercuriomanta.ec\/index.php\/wp-json\/wp\/v2\/posts"}],"about":[{"href":"https:\/\/elmercuriomanta.ec\/index.php\/wp-json\/wp\/v2\/types\/post"}],"author":[{"embeddable":true,"href":"https:\/\/elmercuriomanta.ec\/index.php\/wp-json\/wp\/v2\/users\/12"}],"replies":[{"embeddable":true,"href":"https:\/\/elmercuriomanta.ec\/index.php\/wp-json\/wp\/v2\/comments?post=30208"}],"version-history":[{"count":1,"href":"https:\/\/elmercuriomanta.ec\/index.php\/wp-json\/wp\/v2\/posts\/30208\/revisions"}],"predecessor-version":[{"id":30211,"href":"https:\/\/elmercuriomanta.ec\/index.php\/wp-json\/wp\/v2\/posts\/30208\/revisions\/30211"}],"wp:featuredmedia":[{"embeddable":true,"href":"https:\/\/elmercuriomanta.ec\/index.php\/wp-json\/wp\/v2\/media\/30210"}],"wp:attachment":[{"href":"https:\/\/elmercuriomanta.ec\/index.php\/wp-json\/wp\/v2\/media?parent=30208"}],"wp:term":[{"taxonomy":"category","embeddable":true,"href":"https:\/\/elmercuriomanta.ec\/index.php\/wp-json\/wp\/v2\/categories?post=30208"},{"taxonomy":"post_tag","embeddable":true,"href":"https:\/\/elmercuriomanta.ec\/index.php\/wp-json\/wp\/v2\/tags?post=30208"}],"curies":[{"name":"wp","href":"https:\/\/api.w.org\/{rel}","templated":true}]}}