{"id":30076,"date":"2024-10-23T14:23:29","date_gmt":"2024-10-23T19:23:29","guid":{"rendered":"https:\/\/elmercuriomanta.ec\/?p=30076"},"modified":"2024-10-23T14:23:29","modified_gmt":"2024-10-23T19:23:29","slug":"el-gobierno-emite-acuerdo-ministerial-que-permite-la-aplicacion-del-pico-y-placa-electrico-en-ecuador","status":"publish","type":"post","link":"https:\/\/elmercuriomanta.ec\/index.php\/2024\/10\/23\/el-gobierno-emite-acuerdo-ministerial-que-permite-la-aplicacion-del-pico-y-placa-electrico-en-ecuador\/","title":{"rendered":"El Gobierno emite acuerdo ministerial que permite la aplicaci\u00f3n del pico y placa el\u00e9ctrico en Ecuador"},"content":{"rendered":"\n<figure class=\"wp-block-image aligncenter size-full is-resized\"><img fetchpriority=\"high\" decoding=\"async\" width=\"825\" height=\"600\" src=\"https:\/\/elmercuriomanta.ec\/wp-content\/uploads\/2024\/10\/image-299.png\" alt=\"\" class=\"wp-image-30078\" style=\"width:368px;height:auto\" srcset=\"https:\/\/elmercuriomanta.ec\/wp-content\/uploads\/2024\/10\/image-299.png 825w, https:\/\/elmercuriomanta.ec\/wp-content\/uploads\/2024\/10\/image-299-300x218.png 300w, https:\/\/elmercuriomanta.ec\/wp-content\/uploads\/2024\/10\/image-299-768x559.png 768w\" sizes=\"(max-width: 825px) 100vw, 825px\" \/><\/figure>\n\n\n\n<p>La noche de este martes 22 de octubre de 2024, el Gobierno Nacional expidi\u00f3 el Acuerdo Ministerial MDT-2024-200 con el que se viabiliza la aplicaci\u00f3n de un pico y placa el\u00e9ctrico en Ecuador para afrontar la crisis energ\u00e9tica.&nbsp;<\/p>\n\n\n\n<p>Esta propuesta fue entregada a inicios de octubre por la C\u00e1mara de la Peque\u00f1a y Mediana Empresa de Pichincha (Capeipi). El documento fue suscrito por ministra del Trabajo, Ivonne N\u00fa\u00f1ez y establece como objetivos: \u2022 Regular la modificaci\u00f3n y registro temporal de la jornada laboral ordinaria y especial (Pico y Placa el\u00e9ctrico). \u2022 Las disposiciones son de aplicaci\u00f3n para aquellos sectores privados, que por la emergencia del sector el\u00e9ctrico nacional, requieren la modificaci\u00f3n temporal de una jornada laboral.&nbsp;<\/p>\n\n\n\n<p>\u2022 El empleador y trabajador podr\u00e1n, de com\u00fan acuerdo, pactar una jornada diferente a la establecida en el contrato de trabajo por motivos de la emergencia del sector el\u00e9ctrico nacional; bajo ning\u00fan concepto la modificaci\u00f3n temporal de la jornada se entender\u00e1 como cambio definitivo en las condiciones de la relaci\u00f3n laboral.&nbsp;<\/p>\n\n\n\n<p>Para la aplicaci\u00f3n del Acuerdo Ministerial, podr\u00e1n acogerse los trabajadores y empleadores a las siguientes jornadas: \u2022 07:00 a 17:00. 10 horas diarias aplicables los lunes, martes, mi\u00e9rcoles y jueves. \u2022 07:00 a 17:00. 10 horas diarias aplicables para los d\u00edas jueves, viernes, s\u00e1bado y domingo.<\/p>\n","protected":false},"excerpt":{"rendered":"<p>La noche de este martes 22 de octubre de 2024, el Gobierno Nacional expidi\u00f3 el Acuerdo Ministerial MDT-2024-200 con el que se viabiliza la aplicaci\u00f3n de un pico y placa el\u00e9ctrico en Ecuador para afrontar la crisis energ\u00e9tica.\u00a0<\/p>\n","protected":false},"author":14,"featured_media":30078,"comment_status":"open","ping_status":"open","sticky":false,"template":"","format":"standard","meta":{"footnotes":""},"categories":[1],"tags":[],"class_list":["post-30076","post","type-post","status-publish","format-standard","has-post-thumbnail","hentry","category-uncategorized"],"_links":{"self":[{"href":"https:\/\/elmercuriomanta.ec\/index.php\/wp-json\/wp\/v2\/posts\/30076","targetHints":{"allow":["GET"]}}],"collection":[{"href":"https:\/\/elmercuriomanta.ec\/index.php\/wp-json\/wp\/v2\/posts"}],"about":[{"href":"https:\/\/elmercuriomanta.ec\/index.php\/wp-json\/wp\/v2\/types\/post"}],"author":[{"embeddable":true,"href":"https:\/\/elmercuriomanta.ec\/index.php\/wp-json\/wp\/v2\/users\/14"}],"replies":[{"embeddable":true,"href":"https:\/\/elmercuriomanta.ec\/index.php\/wp-json\/wp\/v2\/comments?post=30076"}],"version-history":[{"count":1,"href":"https:\/\/elmercuriomanta.ec\/index.php\/wp-json\/wp\/v2\/posts\/30076\/revisions"}],"predecessor-version":[{"id":30079,"href":"https:\/\/elmercuriomanta.ec\/index.php\/wp-json\/wp\/v2\/posts\/30076\/revisions\/30079"}],"wp:featuredmedia":[{"embeddable":true,"href":"https:\/\/elmercuriomanta.ec\/index.php\/wp-json\/wp\/v2\/media\/30078"}],"wp:attachment":[{"href":"https:\/\/elmercuriomanta.ec\/index.php\/wp-json\/wp\/v2\/media?parent=30076"}],"wp:term":[{"taxonomy":"category","embeddable":true,"href":"https:\/\/elmercuriomanta.ec\/index.php\/wp-json\/wp\/v2\/categories?post=30076"},{"taxonomy":"post_tag","embeddable":true,"href":"https:\/\/elmercuriomanta.ec\/index.php\/wp-json\/wp\/v2\/tags?post=30076"}],"curies":[{"name":"wp","href":"https:\/\/api.w.org\/{rel}","templated":true}]}}