{"id":29991,"date":"2024-10-22T09:33:11","date_gmt":"2024-10-22T14:33:11","guid":{"rendered":"https:\/\/elmercuriomanta.ec\/?p=29991"},"modified":"2024-10-22T09:33:11","modified_gmt":"2024-10-22T14:33:11","slug":"sismo-de-3-5-se-registro-en-manabi","status":"publish","type":"post","link":"https:\/\/elmercuriomanta.ec\/index.php\/2024\/10\/22\/sismo-de-3-5-se-registro-en-manabi\/","title":{"rendered":"Sismo de 3.5 se registr\u00f3 en Manab\u00ed"},"content":{"rendered":"\n<figure class=\"wp-block-image aligncenter size-large is-resized\"><img fetchpriority=\"high\" decoding=\"async\" width=\"1024\" height=\"614\" src=\"https:\/\/elmercuriomanta.ec\/wp-content\/uploads\/2024\/10\/image-280-1024x614.png\" alt=\"\" class=\"wp-image-29992\" style=\"width:334px;height:auto\" srcset=\"https:\/\/elmercuriomanta.ec\/wp-content\/uploads\/2024\/10\/image-280-1024x614.png 1024w, https:\/\/elmercuriomanta.ec\/wp-content\/uploads\/2024\/10\/image-280-300x180.png 300w, https:\/\/elmercuriomanta.ec\/wp-content\/uploads\/2024\/10\/image-280-768x461.png 768w, https:\/\/elmercuriomanta.ec\/wp-content\/uploads\/2024\/10\/image-280.png 1200w\" sizes=\"(max-width: 1024px) 100vw, 1024px\" \/><\/figure>\n\n\n\n<p>Sismo de 3.5 grados de magnitud en escala de Richter se registr\u00f3 la ma\u00f1ana de este lunes, 21 de octubre, en la provincia de Manab\u00ed. El Instituto Geof\u00edsico de la Escuela Polit\u00e9cnica Nacional emiti\u00f3 el informe sobre este movimiento tel\u00farico que tuvo una profundidad de 19.9 kil\u00f3metros. Seg\u00fan la entidad de monitoreo, al sismo de 3.5 gramos se report\u00f3 a 3.41 kil\u00f3metros del cant\u00f3n Rocafuerte, en la provincia de Manab\u00ed.<\/p>\n\n\n\n<p>&nbsp;El temblor se suscit\u00f3 a las 10h03 de este lunes. Algunos usuarios de redes sociales agregaron que el sismo se sinti\u00f3 fuerte. \u201cYo sent\u00ed un solo remez\u00f3n\u201d, agreg\u00f3 un usuario de la red social Facebook, quien agreg\u00f3 que se asust\u00f3 durante el temblor. Gracias a redes sociales, muchos manabitas expresaron que sintieron el sismo de 3.5 grados en varias zonas de los cantones Portoviejo y Rocafuerte.&nbsp;<\/p>\n","protected":false},"excerpt":{"rendered":"<p>Sismo de 3.5 grados de magnitud en escala de Richter se registr\u00f3 la ma\u00f1ana de este lunes, 21 de octubre, en la provincia de Manab\u00ed. El Instituto Geof\u00edsico de la Escuela Polit\u00e9cnica Nacional emiti\u00f3 el informe sobre este movimiento tel\u00farico que tuvo una profundidad de 19.9 kil\u00f3metros. Seg\u00fan la entidad de monitoreo, al sismo de 3.5 gramos se report\u00f3 a 3.41 kil\u00f3metros del cant\u00f3n Rocafuerte, en la provincia de Manab\u00ed.<\/p>\n","protected":false},"author":14,"featured_media":29992,"comment_status":"open","ping_status":"open","sticky":false,"template":"","format":"standard","meta":{"footnotes":""},"categories":[83],"tags":[23],"class_list":["post-29991","post","type-post","status-publish","format-standard","has-post-thumbnail","hentry","category-sucesos","tag-ecuador"],"_links":{"self":[{"href":"https:\/\/elmercuriomanta.ec\/index.php\/wp-json\/wp\/v2\/posts\/29991","targetHints":{"allow":["GET"]}}],"collection":[{"href":"https:\/\/elmercuriomanta.ec\/index.php\/wp-json\/wp\/v2\/posts"}],"about":[{"href":"https:\/\/elmercuriomanta.ec\/index.php\/wp-json\/wp\/v2\/types\/post"}],"author":[{"embeddable":true,"href":"https:\/\/elmercuriomanta.ec\/index.php\/wp-json\/wp\/v2\/users\/14"}],"replies":[{"embeddable":true,"href":"https:\/\/elmercuriomanta.ec\/index.php\/wp-json\/wp\/v2\/comments?post=29991"}],"version-history":[{"count":1,"href":"https:\/\/elmercuriomanta.ec\/index.php\/wp-json\/wp\/v2\/posts\/29991\/revisions"}],"predecessor-version":[{"id":29993,"href":"https:\/\/elmercuriomanta.ec\/index.php\/wp-json\/wp\/v2\/posts\/29991\/revisions\/29993"}],"wp:featuredmedia":[{"embeddable":true,"href":"https:\/\/elmercuriomanta.ec\/index.php\/wp-json\/wp\/v2\/media\/29992"}],"wp:attachment":[{"href":"https:\/\/elmercuriomanta.ec\/index.php\/wp-json\/wp\/v2\/media?parent=29991"}],"wp:term":[{"taxonomy":"category","embeddable":true,"href":"https:\/\/elmercuriomanta.ec\/index.php\/wp-json\/wp\/v2\/categories?post=29991"},{"taxonomy":"post_tag","embeddable":true,"href":"https:\/\/elmercuriomanta.ec\/index.php\/wp-json\/wp\/v2\/tags?post=29991"}],"curies":[{"name":"wp","href":"https:\/\/api.w.org\/{rel}","templated":true}]}}