{"id":29942,"date":"2024-10-21T10:19:41","date_gmt":"2024-10-21T15:19:41","guid":{"rendered":"https:\/\/elmercuriomanta.ec\/?p=29942"},"modified":"2024-10-21T10:19:41","modified_gmt":"2024-10-21T15:19:41","slug":"el-uso-prolongado-de-audifonos-podrian-causar-problemas-en-la-salud","status":"publish","type":"post","link":"https:\/\/elmercuriomanta.ec\/index.php\/2024\/10\/21\/el-uso-prolongado-de-audifonos-podrian-causar-problemas-en-la-salud\/","title":{"rendered":"El Uso Prolongado de Aud\u00edfonos Podr\u00edan Causar Problemas en la Salud"},"content":{"rendered":"\n<figure class=\"wp-block-image aligncenter size-large is-resized\"><img fetchpriority=\"high\" decoding=\"async\" width=\"1024\" height=\"576\" src=\"https:\/\/elmercuriomanta.ec\/wp-content\/uploads\/2024\/10\/image-268-1024x576.png\" alt=\"\" class=\"wp-image-29944\" style=\"width:438px;height:auto\" srcset=\"https:\/\/elmercuriomanta.ec\/wp-content\/uploads\/2024\/10\/image-268-1024x576.png 1024w, https:\/\/elmercuriomanta.ec\/wp-content\/uploads\/2024\/10\/image-268-300x169.png 300w, https:\/\/elmercuriomanta.ec\/wp-content\/uploads\/2024\/10\/image-268-768x432.png 768w, https:\/\/elmercuriomanta.ec\/wp-content\/uploads\/2024\/10\/image-268.png 1200w\" sizes=\"(max-width: 1024px) 100vw, 1024px\" \/><\/figure>\n\n\n\n<p>El uso de aud\u00edfonos se ha vuelto parte de la vida diaria, ya sea para escuchar m\u00fasica, podcasts o realizar llamadas. Sin embargo, diversos estudios han alertado sobre los riesgos asociados al uso prolongado de estos dispositivos, especialmente a altos vol\u00famenes. Los expertos advierten que la exposici\u00f3n continua a niveles elevados de sonido puede llevar a la p\u00e9rdida auditiva permanente.<\/p>\n\n\n\n<p>La Organizaci\u00f3n Mundial de la Salud (OMS) estima que m\u00e1s de mil millones de j\u00f3venes est\u00e1n en riesgo de sufrir da\u00f1os auditivos debido a pr\u00e1cticas de escucha irresponsables. Entre los efectos m\u00e1s comunes se encuentran la tinnitus, un zumbido persistente en los o\u00eddos, y la fatiga auditiva, que puede afectar la concentraci\u00f3n y la comunicaci\u00f3n. Adem\u00e1s, el uso prolongado de aud\u00edfonos inear puede incrementar el riesgo de infecciones en el o\u00eddo, al crear un ambiente propicio para el crecimiento de bacterias.<\/p>\n","protected":false},"excerpt":{"rendered":"<p>El uso de aud\u00edfonos se ha vuelto parte de la vida diaria, ya sea para escuchar m\u00fasica, podcasts o realizar llamadas. Sin embargo, diversos estudios han alertado sobre los riesgos asociados al uso prolongado de estos dispositivos, especialmente a altos vol\u00famenes. Los expertos advierten que la exposici\u00f3n continua a niveles elevados de sonido puede llevar a la p\u00e9rdida auditiva permanente.<\/p>\n<p>La Organizaci\u00f3n Mundial de la Salud (OMS) estima que m\u00e1s de mil millones de j\u00f3venes est\u00e1n en riesgo de sufrir da\u00f1os auditivos debido a pr\u00e1cticas de escucha irresponsables. Entre los efectos m\u00e1s comunes se encuentran la tinnitus, un zumbido persistente en los o\u00eddos, y la fatiga auditiva, que puede afectar la concentraci\u00f3n y la comunicaci\u00f3n. Adem\u00e1s, el uso prolongado de aud\u00edfonos inear puede incrementar el riesgo de infecciones en el o\u00eddo, al crear un ambiente propicio para el crecimiento de bacterias.<\/p>\n","protected":false},"author":12,"featured_media":29944,"comment_status":"open","ping_status":"open","sticky":false,"template":"","format":"standard","meta":{"footnotes":""},"categories":[83],"tags":[],"class_list":["post-29942","post","type-post","status-publish","format-standard","has-post-thumbnail","hentry","category-sucesos"],"_links":{"self":[{"href":"https:\/\/elmercuriomanta.ec\/index.php\/wp-json\/wp\/v2\/posts\/29942","targetHints":{"allow":["GET"]}}],"collection":[{"href":"https:\/\/elmercuriomanta.ec\/index.php\/wp-json\/wp\/v2\/posts"}],"about":[{"href":"https:\/\/elmercuriomanta.ec\/index.php\/wp-json\/wp\/v2\/types\/post"}],"author":[{"embeddable":true,"href":"https:\/\/elmercuriomanta.ec\/index.php\/wp-json\/wp\/v2\/users\/12"}],"replies":[{"embeddable":true,"href":"https:\/\/elmercuriomanta.ec\/index.php\/wp-json\/wp\/v2\/comments?post=29942"}],"version-history":[{"count":1,"href":"https:\/\/elmercuriomanta.ec\/index.php\/wp-json\/wp\/v2\/posts\/29942\/revisions"}],"predecessor-version":[{"id":29945,"href":"https:\/\/elmercuriomanta.ec\/index.php\/wp-json\/wp\/v2\/posts\/29942\/revisions\/29945"}],"wp:featuredmedia":[{"embeddable":true,"href":"https:\/\/elmercuriomanta.ec\/index.php\/wp-json\/wp\/v2\/media\/29944"}],"wp:attachment":[{"href":"https:\/\/elmercuriomanta.ec\/index.php\/wp-json\/wp\/v2\/media?parent=29942"}],"wp:term":[{"taxonomy":"category","embeddable":true,"href":"https:\/\/elmercuriomanta.ec\/index.php\/wp-json\/wp\/v2\/categories?post=29942"},{"taxonomy":"post_tag","embeddable":true,"href":"https:\/\/elmercuriomanta.ec\/index.php\/wp-json\/wp\/v2\/tags?post=29942"}],"curies":[{"name":"wp","href":"https:\/\/api.w.org\/{rel}","templated":true}]}}