{"id":29870,"date":"2024-10-19T14:40:51","date_gmt":"2024-10-19T19:40:51","guid":{"rendered":"https:\/\/elmercuriomanta.ec\/?p=29870"},"modified":"2024-10-19T14:40:51","modified_gmt":"2024-10-19T19:40:51","slug":"arranca-la-contratacion-para-alquiler-de-energia-en-pascuales","status":"publish","type":"post","link":"https:\/\/elmercuriomanta.ec\/index.php\/2024\/10\/19\/arranca-la-contratacion-para-alquiler-de-energia-en-pascuales\/","title":{"rendered":"Arranca la Contrataci\u00f3n para Alquiler de Energ\u00eda en Pascuales"},"content":{"rendered":"\n<figure class=\"wp-block-image aligncenter size-large is-resized\"><img fetchpriority=\"high\" decoding=\"async\" width=\"1024\" height=\"691\" src=\"https:\/\/elmercuriomanta.ec\/wp-content\/uploads\/2024\/10\/image-245-1024x691.png\" alt=\"\" class=\"wp-image-29871\" style=\"width:479px;height:auto\" srcset=\"https:\/\/elmercuriomanta.ec\/wp-content\/uploads\/2024\/10\/image-245-1024x691.png 1024w, https:\/\/elmercuriomanta.ec\/wp-content\/uploads\/2024\/10\/image-245-300x203.png 300w, https:\/\/elmercuriomanta.ec\/wp-content\/uploads\/2024\/10\/image-245-768x518.png 768w, https:\/\/elmercuriomanta.ec\/wp-content\/uploads\/2024\/10\/image-245.png 1200w\" sizes=\"(max-width: 1024px) 100vw, 1024px\" \/><\/figure>\n\n\n\n<p>Un nuevo proceso para la incorporaci\u00f3n temporal de energ\u00eda arranc\u00f3 en el pa\u00eds. Se trata del alquiler de soluciones de generaci\u00f3n termoel\u00e9ctrica terrestres en la Subestaci\u00f3n Pascuales, en Guayaquil. En total se espera incorporar 260 megavatios (MW) al Sistema Nacional Interconectado. Lo indic\u00f3 la Corporaci\u00f3n El\u00e9ctrica de Ecuador (CelecEP) en un comunicado. Los equipos funcionar\u00e1n con diesel y la energ\u00eda que generen se incorporar\u00e1 a trav\u00e9s de la l\u00ednea de transmisi\u00f3n Chorrillos-Pascuales, a nivel de 230 kilovoltios.<\/p>\n\n\n\n<p>El proceso se public\u00f3 el jueves, 17 de octubre de 2024, en el portal del Servicio Nacional de Contrataci\u00f3n P\u00fablica (Sercop). La recepci\u00f3n de ofertas ser\u00e1 hasta el domingo 20 de octubre. Luego la Comisi\u00f3n T\u00e9cnica analizar\u00e1 el plazo, precio y criterios t\u00e9cnicos de los t\u00e9rminos de referencia. Esto con el objetivo de seleccionar la propuesta m\u00e1s conveniente. Segundo bloque de generaci\u00f3n Pascuales es parte del segundo bloque de generaci\u00f3n de energ\u00eda. Se espera un total de 838 megavatios que se completar\u00e1n con las centrales Esmeraldas IV, San Juan de Manta, Dur\u00e1n, Santa Elena II, Santa Elena IV, Esclusas II y Machala.<\/p>\n","protected":false},"excerpt":{"rendered":"<p>Un nuevo proceso para la incorporaci\u00f3n temporal de energ\u00eda arranc\u00f3 en el pa\u00eds. Se trata del alquiler de soluciones de generaci\u00f3n termoel\u00e9ctrica terrestres en la Subestaci\u00f3n Pascuales, en Guayaquil. En total se espera incorporar 260 megavatios (MW) al Sistema Nacional Interconectado. Lo indic\u00f3 la Corporaci\u00f3n El\u00e9ctrica de Ecuador (CelecEP) en un comunicado. Los equipos funcionar\u00e1n con diesel y la energ\u00eda que generen se incorporar\u00e1 a trav\u00e9s de la l\u00ednea de transmisi\u00f3n Chorrillos-Pascuales, a nivel de 230 kilovoltios.<\/p>\n<p>El proceso se public\u00f3 el jueves, 17 de octubre de 2024, en el portal del Servicio Nacional de Contrataci\u00f3n P\u00fablica (Sercop). La recepci\u00f3n de ofertas ser\u00e1 hasta el domingo 20 de octubre. Luego la Comisi\u00f3n T\u00e9cnica analizar\u00e1 el plazo, precio y criterios t\u00e9cnicos de los t\u00e9rminos de referencia. Esto con el objetivo de seleccionar la propuesta m\u00e1s conveniente. Segundo bloque de generaci\u00f3n Pascuales es parte del segundo bloque de generaci\u00f3n de energ\u00eda. Se espera un total de 838 megavatios que se completar\u00e1n con las centrales Esmeraldas IV, San Juan de Manta, Dur\u00e1n, Santa Elena II, Santa Elena IV, Esclusas II y Machala.<\/p>\n","protected":false},"author":12,"featured_media":29871,"comment_status":"open","ping_status":"open","sticky":false,"template":"","format":"standard","meta":{"footnotes":""},"categories":[83],"tags":[],"class_list":["post-29870","post","type-post","status-publish","format-standard","has-post-thumbnail","hentry","category-sucesos"],"_links":{"self":[{"href":"https:\/\/elmercuriomanta.ec\/index.php\/wp-json\/wp\/v2\/posts\/29870","targetHints":{"allow":["GET"]}}],"collection":[{"href":"https:\/\/elmercuriomanta.ec\/index.php\/wp-json\/wp\/v2\/posts"}],"about":[{"href":"https:\/\/elmercuriomanta.ec\/index.php\/wp-json\/wp\/v2\/types\/post"}],"author":[{"embeddable":true,"href":"https:\/\/elmercuriomanta.ec\/index.php\/wp-json\/wp\/v2\/users\/12"}],"replies":[{"embeddable":true,"href":"https:\/\/elmercuriomanta.ec\/index.php\/wp-json\/wp\/v2\/comments?post=29870"}],"version-history":[{"count":1,"href":"https:\/\/elmercuriomanta.ec\/index.php\/wp-json\/wp\/v2\/posts\/29870\/revisions"}],"predecessor-version":[{"id":29872,"href":"https:\/\/elmercuriomanta.ec\/index.php\/wp-json\/wp\/v2\/posts\/29870\/revisions\/29872"}],"wp:featuredmedia":[{"embeddable":true,"href":"https:\/\/elmercuriomanta.ec\/index.php\/wp-json\/wp\/v2\/media\/29871"}],"wp:attachment":[{"href":"https:\/\/elmercuriomanta.ec\/index.php\/wp-json\/wp\/v2\/media?parent=29870"}],"wp:term":[{"taxonomy":"category","embeddable":true,"href":"https:\/\/elmercuriomanta.ec\/index.php\/wp-json\/wp\/v2\/categories?post=29870"},{"taxonomy":"post_tag","embeddable":true,"href":"https:\/\/elmercuriomanta.ec\/index.php\/wp-json\/wp\/v2\/tags?post=29870"}],"curies":[{"name":"wp","href":"https:\/\/api.w.org\/{rel}","templated":true}]}}