{"id":29769,"date":"2024-10-18T09:38:25","date_gmt":"2024-10-18T14:38:25","guid":{"rendered":"https:\/\/elmercuriomanta.ec\/?p=29769"},"modified":"2024-10-18T09:38:25","modified_gmt":"2024-10-18T14:38:25","slug":"tramo-de-la-avenida-malecon-estara-cerrado-al-transito-vehicular","status":"publish","type":"post","link":"https:\/\/elmercuriomanta.ec\/index.php\/2024\/10\/18\/tramo-de-la-avenida-malecon-estara-cerrado-al-transito-vehicular\/","title":{"rendered":"Tramo de la avenida malec\u00f3n estar\u00e1 cerrado al tr\u00e1nsito vehicular"},"content":{"rendered":"\n<figure class=\"wp-block-image aligncenter size-large is-resized\"><img fetchpriority=\"high\" decoding=\"async\" width=\"1024\" height=\"682\" src=\"https:\/\/elmercuriomanta.ec\/wp-content\/uploads\/2024\/10\/image-226-1024x682.png\" alt=\"\" class=\"wp-image-29770\" style=\"width:311px;height:auto\" srcset=\"https:\/\/elmercuriomanta.ec\/wp-content\/uploads\/2024\/10\/image-226-1024x682.png 1024w, https:\/\/elmercuriomanta.ec\/wp-content\/uploads\/2024\/10\/image-226-300x200.png 300w, https:\/\/elmercuriomanta.ec\/wp-content\/uploads\/2024\/10\/image-226-768x512.png 768w, https:\/\/elmercuriomanta.ec\/wp-content\/uploads\/2024\/10\/image-226-1536x1023.png 1536w, https:\/\/elmercuriomanta.ec\/wp-content\/uploads\/2024\/10\/image-226.png 1600w\" sizes=\"(max-width: 1024px) 100vw, 1024px\" \/><\/figure>\n\n\n\n<p>Un tramo de la avenida Malec\u00f3n, en Manta, Manab\u00ed, estar\u00e1 cerrado al tr\u00e1nsito vehicular y ser\u00e1 \u00fanicamente peatonal. La Municipalidad de la ciudad inform\u00f3 tambi\u00e9n que la medida se adoptar\u00e1 desde las 09h00 de este viernes 18 de octubre del 2024. El tramo de la avenida malec\u00f3n cerrado al tr\u00e1nsito vehicular ser\u00e1 desde el redondel de Inepaca hasta el sector del Yacht Club.&nbsp;<\/p>\n\n\n\n<p>Esta decisi\u00f3n se ha tomado debido al montaje de la tarima para el Festival de las Orquestas que se desarrollar\u00e1 el s\u00e1bado 19 de octubre. Se inform\u00f3 tambi\u00e9n que el carril en sentido Yacht Club hacia la Plaza C\u00edvica estar\u00e1 habilitado al tr\u00e1nsito hasta las 15h00 del s\u00e1bado 19 de octubre. A partir de ese momento toda la Avenida Malec\u00f3n ser\u00e1 peatonal. Esto en los carriles de subida y bajada.<\/p>\n\n\n\n<p>&nbsp;Para dar facilidades en la movilidad de todos los ciudadanos, los Agentes Civiles de Tr\u00e1nsito, se encargar\u00e1n de regular el tr\u00e1nsito. Avenida Malec\u00f3n se abrir\u00e1 el domingo Para ello tambi\u00e9n se han habilitado las siguientes v\u00edas alternas: V\u00eda PuertoAeropuerto, Av. Flavio Reyes, Av. De la Cultura y calle 15. Se pide a los conductores tomar todas la precauciones para evitar contratiempos al momento de movilizarse a sus destinos.<\/p>\n\n\n\n<p>&nbsp;Para este evento art\u00edstico que es una tradici\u00f3n mantense, se colocar\u00e1n tres escenarios. Sin embargo en el Yacht Club se presentar\u00e1n Luis Mateu y Kbana. En la Plaza C\u00edvica lo har\u00e1n Almas Negras y Panteras Blancas y frente a la gasolinera se presentar\u00e1 el evento art\u00edstico C\u00e1mara Fest. Se estima que para la ma\u00f1ana del domingo la circulaci\u00f3n en la avenida Malec\u00f3n, en Manta fluir\u00e1 con normalidad.<\/p>\n","protected":false},"excerpt":{"rendered":"<p>Un tramo de la avenida Malec\u00f3n, en Manta, Manab\u00ed, estar\u00e1 cerrado al tr\u00e1nsito vehicular y ser\u00e1 \u00fanicamente peatonal. La Municipalidad de la ciudad inform\u00f3 tambi\u00e9n que la medida se adoptar\u00e1 desde las 09h00 de este viernes 18 de octubre del 2024. El tramo de la avenida malec\u00f3n cerrado al tr\u00e1nsito vehicular ser\u00e1 desde el redondel de Inepaca hasta el sector del Yacht Club.\u00a0<\/p>\n","protected":false},"author":14,"featured_media":29770,"comment_status":"open","ping_status":"open","sticky":false,"template":"","format":"standard","meta":{"footnotes":""},"categories":[20],"tags":[38],"class_list":["post-29769","post","type-post","status-publish","format-standard","has-post-thumbnail","hentry","category-portada-2","tag-manta"],"_links":{"self":[{"href":"https:\/\/elmercuriomanta.ec\/index.php\/wp-json\/wp\/v2\/posts\/29769","targetHints":{"allow":["GET"]}}],"collection":[{"href":"https:\/\/elmercuriomanta.ec\/index.php\/wp-json\/wp\/v2\/posts"}],"about":[{"href":"https:\/\/elmercuriomanta.ec\/index.php\/wp-json\/wp\/v2\/types\/post"}],"author":[{"embeddable":true,"href":"https:\/\/elmercuriomanta.ec\/index.php\/wp-json\/wp\/v2\/users\/14"}],"replies":[{"embeddable":true,"href":"https:\/\/elmercuriomanta.ec\/index.php\/wp-json\/wp\/v2\/comments?post=29769"}],"version-history":[{"count":1,"href":"https:\/\/elmercuriomanta.ec\/index.php\/wp-json\/wp\/v2\/posts\/29769\/revisions"}],"predecessor-version":[{"id":29771,"href":"https:\/\/elmercuriomanta.ec\/index.php\/wp-json\/wp\/v2\/posts\/29769\/revisions\/29771"}],"wp:featuredmedia":[{"embeddable":true,"href":"https:\/\/elmercuriomanta.ec\/index.php\/wp-json\/wp\/v2\/media\/29770"}],"wp:attachment":[{"href":"https:\/\/elmercuriomanta.ec\/index.php\/wp-json\/wp\/v2\/media?parent=29769"}],"wp:term":[{"taxonomy":"category","embeddable":true,"href":"https:\/\/elmercuriomanta.ec\/index.php\/wp-json\/wp\/v2\/categories?post=29769"},{"taxonomy":"post_tag","embeddable":true,"href":"https:\/\/elmercuriomanta.ec\/index.php\/wp-json\/wp\/v2\/tags?post=29769"}],"curies":[{"name":"wp","href":"https:\/\/api.w.org\/{rel}","templated":true}]}}