{"id":29766,"date":"2024-10-18T09:35:43","date_gmt":"2024-10-18T14:35:43","guid":{"rendered":"https:\/\/elmercuriomanta.ec\/?p=29766"},"modified":"2024-10-18T09:35:43","modified_gmt":"2024-10-18T14:35:43","slug":"gobierno-suspende-el-cobro-de-las-planillas-de-luz-de-septiembre-de-2024","status":"publish","type":"post","link":"https:\/\/elmercuriomanta.ec\/index.php\/2024\/10\/18\/gobierno-suspende-el-cobro-de-las-planillas-de-luz-de-septiembre-de-2024\/","title":{"rendered":"Gobierno suspende el cobro de las planillas de luz de septiembre de 2024"},"content":{"rendered":"\n<figure class=\"wp-block-image aligncenter size-full is-resized\"><img fetchpriority=\"high\" decoding=\"async\" width=\"992\" height=\"661\" src=\"https:\/\/elmercuriomanta.ec\/wp-content\/uploads\/2024\/10\/image-225.png\" alt=\"\" class=\"wp-image-29767\" style=\"width:274px;height:auto\" srcset=\"https:\/\/elmercuriomanta.ec\/wp-content\/uploads\/2024\/10\/image-225.png 992w, https:\/\/elmercuriomanta.ec\/wp-content\/uploads\/2024\/10\/image-225-300x200.png 300w, https:\/\/elmercuriomanta.ec\/wp-content\/uploads\/2024\/10\/image-225-768x512.png 768w\" sizes=\"(max-width: 992px) 100vw, 992px\" \/><\/figure>\n\n\n\n<p>El Gobierno Nacional suspendi\u00f3 el cobro de las planillas de luz correspondientes a septiembre del 2024 tras las denuncias presentadas por un inusual incremento de los costos pese a los apagones programados de hasta diez horas a escala nacional. El anuncio se realiz\u00f3 a trav\u00e9s de un comunicado este jueves 17 de octubre del 2024.<\/p>\n\n\n\n<p>&nbsp;Tambi\u00e9n, el Gobierno se\u00f1al\u00f3 que \u00abse ha iniciado un proceso de auditor\u00eda para revisar estos valores e identificar las posibles anomal\u00edas denunciadas por los usuarios\u00bb en las planillas de luz. En el documento se indica que por esta medida no \u00abse realizar\u00e1n cortes por falta de pago hasta que culmine el proceso\u00bb.<\/p>\n\n\n\n<p>&nbsp;Adem\u00e1s, quienes hayan cancelado sus facturas y tengan problemas podr\u00e1n efectuar los reclamos en cada una de las empresas distribuidoras del pa\u00eds. Tras oficializarse la medida, la Empresa El\u00e9ctrica Quito inform\u00f3 que los reclamos o quejas pueden realizarse a trav\u00e9s de los siguientes canales: \u2022 Call Center 136 \u2022 Redes sociales @ElectricaQuito \u2022 Centros de atenci\u00f3n, que se detallan en el siguiente link: https:\/\/ ow.ly\/HLYy50TNRs2 Desde inicios de octubre, los usuarios de Quito y Guayaquil difundieron en redes sociales im\u00e1genes del alza de los valores por consumo de energ\u00eda.<\/p>\n\n\n\n<p>&nbsp;Los ciudadanos denunciaban que se estaban cobrando valores excesivos, incluso superiores a los que manten\u00edan sin apagones. Sin embargo, las empresas no se hab\u00edan pronunciado sobre el tema.<\/p>\n","protected":false},"excerpt":{"rendered":"<p>El Gobierno Nacional suspendi\u00f3 el cobro de las planillas de luz correspondientes a septiembre del 2024 tras las denuncias presentadas por un inusual incremento de los costos pese a los apagones programados de hasta diez horas a escala nacional. El anuncio se realiz\u00f3 a trav\u00e9s de un comunicado este jueves 17 de octubre del 2024.<\/p>\n","protected":false},"author":14,"featured_media":29767,"comment_status":"open","ping_status":"open","sticky":false,"template":"","format":"standard","meta":{"footnotes":""},"categories":[19],"tags":[23],"class_list":["post-29766","post","type-post","status-publish","format-standard","has-post-thumbnail","hentry","category-portada-1","tag-ecuador"],"_links":{"self":[{"href":"https:\/\/elmercuriomanta.ec\/index.php\/wp-json\/wp\/v2\/posts\/29766","targetHints":{"allow":["GET"]}}],"collection":[{"href":"https:\/\/elmercuriomanta.ec\/index.php\/wp-json\/wp\/v2\/posts"}],"about":[{"href":"https:\/\/elmercuriomanta.ec\/index.php\/wp-json\/wp\/v2\/types\/post"}],"author":[{"embeddable":true,"href":"https:\/\/elmercuriomanta.ec\/index.php\/wp-json\/wp\/v2\/users\/14"}],"replies":[{"embeddable":true,"href":"https:\/\/elmercuriomanta.ec\/index.php\/wp-json\/wp\/v2\/comments?post=29766"}],"version-history":[{"count":1,"href":"https:\/\/elmercuriomanta.ec\/index.php\/wp-json\/wp\/v2\/posts\/29766\/revisions"}],"predecessor-version":[{"id":29768,"href":"https:\/\/elmercuriomanta.ec\/index.php\/wp-json\/wp\/v2\/posts\/29766\/revisions\/29768"}],"wp:featuredmedia":[{"embeddable":true,"href":"https:\/\/elmercuriomanta.ec\/index.php\/wp-json\/wp\/v2\/media\/29767"}],"wp:attachment":[{"href":"https:\/\/elmercuriomanta.ec\/index.php\/wp-json\/wp\/v2\/media?parent=29766"}],"wp:term":[{"taxonomy":"category","embeddable":true,"href":"https:\/\/elmercuriomanta.ec\/index.php\/wp-json\/wp\/v2\/categories?post=29766"},{"taxonomy":"post_tag","embeddable":true,"href":"https:\/\/elmercuriomanta.ec\/index.php\/wp-json\/wp\/v2\/tags?post=29766"}],"curies":[{"name":"wp","href":"https:\/\/api.w.org\/{rel}","templated":true}]}}