{"id":29711,"date":"2024-10-17T10:55:05","date_gmt":"2024-10-17T15:55:05","guid":{"rendered":"https:\/\/elmercuriomanta.ec\/?p=29711"},"modified":"2024-10-17T10:55:05","modified_gmt":"2024-10-17T15:55:05","slug":"hay-preocupacion-en-sector-turistico-de-manta-pues-ocupacion-hotelera-apenas-llego-al-30","status":"publish","type":"post","link":"https:\/\/elmercuriomanta.ec\/index.php\/2024\/10\/17\/hay-preocupacion-en-sector-turistico-de-manta-pues-ocupacion-hotelera-apenas-llego-al-30\/","title":{"rendered":"Hay Preocupaci\u00f3n en Sector Tur\u00edstico de Manta\u00a0 Pues Ocupaci\u00f3n Hotelera Apenas Lleg\u00f3 al 30 %"},"content":{"rendered":"\n<figure class=\"wp-block-image aligncenter size-full is-resized\"><img fetchpriority=\"high\" decoding=\"async\" width=\"480\" height=\"360\" src=\"https:\/\/elmercuriomanta.ec\/wp-content\/uploads\/2024\/10\/image-216.png\" alt=\"\" class=\"wp-image-29713\" style=\"width:453px;height:auto\" srcset=\"https:\/\/elmercuriomanta.ec\/wp-content\/uploads\/2024\/10\/image-216.png 480w, https:\/\/elmercuriomanta.ec\/wp-content\/uploads\/2024\/10\/image-216-300x225.png 300w\" sizes=\"(max-width: 480px) 100vw, 480px\" \/><\/figure>\n\n\n\n<p>El pasado fin de semana, Manta vivi\u00f3 hasta ahora el peor feriado de este a\u00f1o. La plaza hotelera apenas se llen\u00f3 en un 30 %, una cifra mucho m\u00e1s baja que la que suelen tener en los d\u00edas habituales (de lunes a viernes) cuando llega hasta un 40 % o 50 %. Pa\u00fal Andrade, presidente del Bur\u00f3 Tur\u00edstico de Manta, indic\u00f3 que el asueto del 12 y 13 de octubre fue muy bajo, ya que no hubo mayor cantidad de turistas en la ciudad. \u201cEsto se not\u00f3 en hoteles y restaurantes donde se vio poca gente. Llegamos en algunos hoteles a un 20 % y otros un 30 %.<\/p>\n\n\n\n<p>Generalmente los fines de semana se llega al menos a un 50 % de ocupaci\u00f3n, pero al parecer la gente no lleg\u00f3 a la ciudad. Incluso del 30 % que arribaron la mayor\u00eda fue por trabajo u otros eventos, no por turismo\u201d, expres\u00f3. Andrade dijo que los cortes de energ\u00eda influyeron mucho en este feriado, ya que la gente no quiere salir porque cree que no va a encontrarse con servicios completos. Adem\u00e1s, en Manta se tiene la idea de un estado de restricci\u00f3n por motivos de seguridad, a\u00f1adi\u00f3. \u201cYo dir\u00eda que ha sido el feriado m\u00e1s bajo de este a\u00f1o. El anterior feriado, en agosto, llegamos al 60 %\u201d, indic\u00f3. El sector tur\u00edstico espera recuperarse en las festividades de noviembre, cuando la ciudad est\u00e1 de aniversario y coincide con el feriado del D\u00eda de los Difuntos.<\/p>\n","protected":false},"excerpt":{"rendered":"<p>El pasado fin de semana, Manta vivi\u00f3 hasta ahora el peor feriado de este a\u00f1o. La plaza hotelera apenas se llen\u00f3 en un 30 %, una cifra mucho m\u00e1s baja que la que suelen tener en los d\u00edas habituales (de lunes a viernes) cuando llega hasta un 40 % o 50 %. Pa\u00fal Andrade, presidente del Bur\u00f3 Tur\u00edstico de Manta, indic\u00f3 que el asueto del 12 y 13 de octubre fue muy bajo, ya que no hubo mayor cantidad de turistas en la ciudad. \u201cEsto se not\u00f3 en hoteles y restaurantes donde se vio poca gente. Llegamos en algunos hoteles a un 20 % y otros un 30 %.<\/p>\n<p>Generalmente los fines de semana se llega al menos a un 50 % de ocupaci\u00f3n, pero al parecer la gente no lleg\u00f3 a la ciudad. Incluso del 30 % que arribaron la mayor\u00eda fue por trabajo u otros eventos, no por turismo\u201d, expres\u00f3. Andrade dijo que los cortes de energ\u00eda influyeron mucho en este feriado, ya que la gente no quiere salir porque cree que no va a encontrarse con servicios completos. Adem\u00e1s, en Manta se tiene la idea de un estado de restricci\u00f3n por motivos de seguridad, a\u00f1adi\u00f3. \u201cYo dir\u00eda que ha sido el feriado m\u00e1s bajo de este a\u00f1o. El anterior feriado, en agosto, llegamos al 60 %\u201d, indic\u00f3. El sector tur\u00edstico espera recuperarse en las festividades de noviembre, cuando la ciudad est\u00e1 de aniversario y coincide con el feriado del D\u00eda de los Difuntos.<\/p>\n","protected":false},"author":12,"featured_media":29713,"comment_status":"open","ping_status":"open","sticky":false,"template":"","format":"standard","meta":{"footnotes":""},"categories":[19],"tags":[38],"class_list":["post-29711","post","type-post","status-publish","format-standard","has-post-thumbnail","hentry","category-portada-1","tag-manta"],"_links":{"self":[{"href":"https:\/\/elmercuriomanta.ec\/index.php\/wp-json\/wp\/v2\/posts\/29711","targetHints":{"allow":["GET"]}}],"collection":[{"href":"https:\/\/elmercuriomanta.ec\/index.php\/wp-json\/wp\/v2\/posts"}],"about":[{"href":"https:\/\/elmercuriomanta.ec\/index.php\/wp-json\/wp\/v2\/types\/post"}],"author":[{"embeddable":true,"href":"https:\/\/elmercuriomanta.ec\/index.php\/wp-json\/wp\/v2\/users\/12"}],"replies":[{"embeddable":true,"href":"https:\/\/elmercuriomanta.ec\/index.php\/wp-json\/wp\/v2\/comments?post=29711"}],"version-history":[{"count":1,"href":"https:\/\/elmercuriomanta.ec\/index.php\/wp-json\/wp\/v2\/posts\/29711\/revisions"}],"predecessor-version":[{"id":29714,"href":"https:\/\/elmercuriomanta.ec\/index.php\/wp-json\/wp\/v2\/posts\/29711\/revisions\/29714"}],"wp:featuredmedia":[{"embeddable":true,"href":"https:\/\/elmercuriomanta.ec\/index.php\/wp-json\/wp\/v2\/media\/29713"}],"wp:attachment":[{"href":"https:\/\/elmercuriomanta.ec\/index.php\/wp-json\/wp\/v2\/media?parent=29711"}],"wp:term":[{"taxonomy":"category","embeddable":true,"href":"https:\/\/elmercuriomanta.ec\/index.php\/wp-json\/wp\/v2\/categories?post=29711"},{"taxonomy":"post_tag","embeddable":true,"href":"https:\/\/elmercuriomanta.ec\/index.php\/wp-json\/wp\/v2\/tags?post=29711"}],"curies":[{"name":"wp","href":"https:\/\/api.w.org\/{rel}","templated":true}]}}