{"id":29683,"date":"2024-10-16T10:49:15","date_gmt":"2024-10-16T15:49:15","guid":{"rendered":"https:\/\/elmercuriomanta.ec\/?p=29683"},"modified":"2024-10-16T10:53:23","modified_gmt":"2024-10-16T15:53:23","slug":"el-gobierno-analiza-subir-el-costo-de-la-energia-electrica-a-escala-nacional","status":"publish","type":"post","link":"https:\/\/elmercuriomanta.ec\/index.php\/2024\/10\/16\/el-gobierno-analiza-subir-el-costo-de-la-energia-electrica-a-escala-nacional\/","title":{"rendered":"El Gobierno Analiza Subir el Costo de la Energ\u00eda El\u00e9ctrica a Escala Nacional"},"content":{"rendered":"\n<figure class=\"wp-block-image aligncenter size-full is-resized\"><img fetchpriority=\"high\" decoding=\"async\" width=\"287\" height=\"175\" src=\"https:\/\/elmercuriomanta.ec\/wp-content\/uploads\/2024\/10\/image-208.png\" alt=\"\" class=\"wp-image-29684\" style=\"width:517px;height:auto\"\/><\/figure>\n\n\n\n<p>El Gobierno de Daniel Noboa analiza las tarifas del sector el\u00e9ctrico y busca transparentar sus valores. As\u00ed lo asegur\u00f3 este 15 de octubre de 2024 la ministra de Ambiente y Energ\u00eda (encargada), In\u00e9s Manzano. \u201cSi nosotros nos sincer\u00e1ramos y ese es un tema que es importante, sincer\u00e1ramos la tarifa, que es un tema que me corresponde y que asumo la responsabilidad de hacerlo, de que no m\u00e1s subsidio en la tarifa de energ\u00eda porque nosotros tenemos el estudio. Lo est\u00e1n (revisando) ahorita, el viceministro, acabo de hablar con \u00e9l (sic) para activar ese estudio de una tarifa sin subsidio. La tarifa sin subsidio ser\u00eda hasta ahora, este es en el estudio que tenemos y que debemos rever, m\u00e1s o menos se habla de un 50 % m\u00e1s de lo que estamos pagando ahora\u201d, agreg\u00f3 Manzano.<\/p>\n\n\n\n<p>Las tarifas actuales ser\u00e1n focalizadas, agreg\u00f3 la titular de Ambiente y Energ\u00eda. Actualmente, el precio promedio del kilovatio\/ hora (kw\/h) en Ecuador es de 10 centavos y con un incremento de 50 % pasar\u00eda a 15 centavos. Manzano se\u00f1al\u00f3 que cuando se hac\u00edan hidroel\u00e9ctricas se establec\u00edan en las tarifas los costos del mantenimiento y la operaci\u00f3n y no se incorporaba los valores de construcci\u00f3n. \u201cEl no poner estar aristas hace que tengas una tarifa, efectivamente, subsidiada y eso es lo que hay que transparentar\u201d, agreg\u00f3. El anuncio de Manzano llega en medio de la crisis energ\u00e9tica que atraviesa el pa\u00eds, que ha llevado cortes de suministro el\u00e9ctrico de hasta 10 horas a escala nacional, debido al d\u00e9ficit de potencia causada por la falta de lluvias en las hidroel\u00e9ctricas y un sistema termoel\u00e9ctrico en mantenimiento.&nbsp;&nbsp;&nbsp;&nbsp;&nbsp;&nbsp;&nbsp;&nbsp;&nbsp;&nbsp;&nbsp;&nbsp;&nbsp;&nbsp;&nbsp;&nbsp;&nbsp;&nbsp;&nbsp;&nbsp;&nbsp;&nbsp;&nbsp;<\/p>\n\n\n\n<p><\/p>\n","protected":false},"excerpt":{"rendered":"<p>El Gobierno de Daniel Noboa analiza las tarifas del sector el\u00e9ctrico y busca transparentar sus valores. As\u00ed lo asegur\u00f3 este 15 de octubre de 2024 la ministra de Ambiente y Energ\u00eda (encargada), In\u00e9s Manzano. \u201cSi nosotros nos sincer\u00e1ramos y ese es un tema que es importante, sincer\u00e1ramos la tarifa, que es un tema que me corresponde y que asumo la responsabilidad de hacerlo, de que no m\u00e1s subsidio en la tarifa de energ\u00eda porque nosotros tenemos el estudio. Lo est\u00e1n (revisando) ahorita, el viceministro, acabo de hablar con \u00e9l (sic) para activar ese estudio de una tarifa sin subsidio. La tarifa sin subsidio ser\u00eda hasta ahora, este es en el estudio que tenemos y que debemos rever, m\u00e1s o menos se habla de un 50 % m\u00e1s de lo que estamos pagando ahora\u201d, agreg\u00f3 Manzano, en entrevista con Radio Centro.<\/p>\n<p>Las tarifas actuales ser\u00e1n focalizadas, agreg\u00f3 la titular de Ambiente y Energ\u00eda. Actualmente, el precio promedio del kilovatio\/ hora (kw\/h) en Ecuador es de 10 centavos y con un incremento de 50 % pasar\u00eda a 15 centavos. Manzano se\u00f1al\u00f3 que cuando se hac\u00edan hidroel\u00e9ctricas se establec\u00edan en las tarifas los costos del mantenimiento y la operaci\u00f3n y no se incorporaba los valores de construcci\u00f3n. \u201cEl no poner estar aristas hace que tengas una tarifa, efectivamente, subsidiada y eso es lo que hay que transparentar\u201d, agreg\u00f3. El anuncio de Manzano llega en medio de la crisis energ\u00e9tica que atraviesa el pa\u00eds, que ha llevado cortes de suministro el\u00e9ctrico de hasta 10 horas a escala nacional, debido al d\u00e9ficit de potencia causada por la falta de lluvias en las hidroel\u00e9ctricas y un sistema termoel\u00e9ctrico en mantenimiento.<\/p>\n","protected":false},"author":12,"featured_media":29684,"comment_status":"open","ping_status":"open","sticky":false,"template":"","format":"standard","meta":{"footnotes":""},"categories":[19],"tags":[],"class_list":["post-29683","post","type-post","status-publish","format-standard","has-post-thumbnail","hentry","category-portada-1"],"_links":{"self":[{"href":"https:\/\/elmercuriomanta.ec\/index.php\/wp-json\/wp\/v2\/posts\/29683","targetHints":{"allow":["GET"]}}],"collection":[{"href":"https:\/\/elmercuriomanta.ec\/index.php\/wp-json\/wp\/v2\/posts"}],"about":[{"href":"https:\/\/elmercuriomanta.ec\/index.php\/wp-json\/wp\/v2\/types\/post"}],"author":[{"embeddable":true,"href":"https:\/\/elmercuriomanta.ec\/index.php\/wp-json\/wp\/v2\/users\/12"}],"replies":[{"embeddable":true,"href":"https:\/\/elmercuriomanta.ec\/index.php\/wp-json\/wp\/v2\/comments?post=29683"}],"version-history":[{"count":3,"href":"https:\/\/elmercuriomanta.ec\/index.php\/wp-json\/wp\/v2\/posts\/29683\/revisions"}],"predecessor-version":[{"id":29687,"href":"https:\/\/elmercuriomanta.ec\/index.php\/wp-json\/wp\/v2\/posts\/29683\/revisions\/29687"}],"wp:featuredmedia":[{"embeddable":true,"href":"https:\/\/elmercuriomanta.ec\/index.php\/wp-json\/wp\/v2\/media\/29684"}],"wp:attachment":[{"href":"https:\/\/elmercuriomanta.ec\/index.php\/wp-json\/wp\/v2\/media?parent=29683"}],"wp:term":[{"taxonomy":"category","embeddable":true,"href":"https:\/\/elmercuriomanta.ec\/index.php\/wp-json\/wp\/v2\/categories?post=29683"},{"taxonomy":"post_tag","embeddable":true,"href":"https:\/\/elmercuriomanta.ec\/index.php\/wp-json\/wp\/v2\/tags?post=29683"}],"curies":[{"name":"wp","href":"https:\/\/api.w.org\/{rel}","templated":true}]}}