{"id":29674,"date":"2024-10-16T10:27:43","date_gmt":"2024-10-16T15:27:43","guid":{"rendered":"https:\/\/elmercuriomanta.ec\/?p=29674"},"modified":"2024-10-16T10:27:43","modified_gmt":"2024-10-16T15:27:43","slug":"clases-en-tecnologicos-superiores-publicos-por-apagones-en-ecuador","status":"publish","type":"post","link":"https:\/\/elmercuriomanta.ec\/index.php\/2024\/10\/16\/clases-en-tecnologicos-superiores-publicos-por-apagones-en-ecuador\/","title":{"rendered":"Clases en Tecnol\u00f3gicos Superiores P\u00fablicos por Apagones en Ecuador"},"content":{"rendered":"\n<figure class=\"wp-block-image aligncenter size-large is-resized\"><img fetchpriority=\"high\" decoding=\"async\" width=\"1024\" height=\"691\" src=\"https:\/\/elmercuriomanta.ec\/wp-content\/uploads\/2024\/10\/image-205-1024x691.png\" alt=\"\" class=\"wp-image-29675\" style=\"width:425px;height:auto\" srcset=\"https:\/\/elmercuriomanta.ec\/wp-content\/uploads\/2024\/10\/image-205-1024x691.png 1024w, https:\/\/elmercuriomanta.ec\/wp-content\/uploads\/2024\/10\/image-205-300x203.png 300w, https:\/\/elmercuriomanta.ec\/wp-content\/uploads\/2024\/10\/image-205-768x518.png 768w, https:\/\/elmercuriomanta.ec\/wp-content\/uploads\/2024\/10\/image-205.png 1200w\" sizes=\"(max-width: 1024px) 100vw, 1024px\" \/><\/figure>\n\n\n\n<p>Los Institutos Superiores Tecnol\u00f3gicos P\u00fablicos de Ecuador empezar\u00e1n clases el mi\u00e9rcoles 16 de octubre del 2024 en medio de la jornada de cortes de luz programados de hasta diez horas a escala nacional. La Secretar\u00eda de Educaci\u00f3n Superior, Ciencia, Tecnolog\u00eda e Innovaci\u00f3n (Senescyt) anunci\u00f3 cambios en los horarios de clases hasta el viernes 18 de octubre para asegurar la continuidad educativa frente a la crisis energ\u00e9tica. En este sentido, la entidad dispuso que las clases en los institutos superiores se realicen de la siguiente manera:<\/p>\n\n\n\n<p>\u2022 J o r n a d a matutina: mantendr\u00e1 los horarios habituales<\/p>\n\n\n\n<p>\u2022 Jornada vespertina: se conservar\u00e1n los horarios de entrada, pero las clases finalizar\u00e1n a las 18:00.<\/p>\n\n\n\n<p>\u2022 Jornada nocturna: se dispone actividades asincr\u00f3nicas. Para ello se habilitar\u00e1n plataformas tecnol\u00f3gicas, aulas virtuales, tutor\u00edas, clases grabadas y el seguimiento acad\u00e9mico continuo.<\/p>\n\n\n\n<p>\u2022 Ecuador vive la cuarta semana consecutiva de apagones masivos por la fuerte sequ\u00eda registrada en las zonas que alimentan los caudales de las principales hidroel\u00e9ctricas del pa\u00eds, entre ellas el complejo Paute que abastece a m\u00e1s del 30% de la demanda de energ\u00eda en el pa\u00eds.<\/p>\n\n\n\n<p>\u2022 Esta situaci\u00f3n no solo afect\u00f3 al comercio y al sector productivo del pa\u00eds, sino que tambi\u00e9n modific\u00f3 el desarrollo de las actividades educativas en todo el pa\u00eds.<\/p>\n\n\n\n<p>Las escuelas y colegios tambi\u00e9n tendr\u00e1n que acogerse a modalidades no presenciales mientras duren los apagones.<\/p>\n","protected":false},"excerpt":{"rendered":"<p>Los Institutos Superiores Tecnol\u00f3gicos P\u00fablicos de Ecuador empezar\u00e1n clases el mi\u00e9rcoles 16 de octubre del 2024 en medio de la jornada de cortes de luz programados de hasta diez horas a escala nacional. La Secretar\u00eda de Educaci\u00f3n Superior, Ciencia, Tecnolog\u00eda e Innovaci\u00f3n (Senescyt) anunci\u00f3 cambios en los horarios de clases hasta el viernes 18 de octubre para asegurar la continuidad educativa frente a la crisis energ\u00e9tica. En este sentido, la entidad dispuso que las clases en los institutos superiores se realicen de la siguiente manera:<\/p>\n<p>\u2022 J o r n a d a matutina: mantendr\u00e1 los horarios habituales<\/p>\n<p>\u2022 Jornada vespertina: se conservar\u00e1n los horarios de entrada, pero las clases finalizar\u00e1n a las 18:00.<\/p>\n<p>\u2022 Jornada nocturna: se dispone actividades asincr\u00f3nicas. Para ello se habilitar\u00e1n plataformas tecnol\u00f3gicas, aulas virtuales, tutor\u00edas, clases grabadas y el seguimiento acad\u00e9mico continuo.<\/p>\n<p>\u2022 Ecuador vive la cuarta semana consecutiva de apagones masivos por la fuerte sequ\u00eda registrada en las zonas que alimentan los caudales de las principales hidroel\u00e9ctricas del pa\u00eds, entre ellas el complejo Paute que abastece a m\u00e1s del 30% de la demanda de energ\u00eda en el pa\u00eds.<\/p>\n<p>\u2022 Esta situaci\u00f3n no solo afect\u00f3 al comercio y al sector productivo del pa\u00eds, sino que tambi\u00e9n modific\u00f3 el desarrollo de las actividades educativas en todo el pa\u00eds.<\/p>\n<p>Las escuelas y colegios tambi\u00e9n tendr\u00e1n que acogerse a modalidades no presenciales mientras duren los apagones.<\/p>\n","protected":false},"author":12,"featured_media":29675,"comment_status":"open","ping_status":"open","sticky":false,"template":"","format":"standard","meta":{"footnotes":""},"categories":[21],"tags":[23],"class_list":["post-29674","post","type-post","status-publish","format-standard","has-post-thumbnail","hentry","category-noticia-del-dia","tag-ecuador"],"_links":{"self":[{"href":"https:\/\/elmercuriomanta.ec\/index.php\/wp-json\/wp\/v2\/posts\/29674","targetHints":{"allow":["GET"]}}],"collection":[{"href":"https:\/\/elmercuriomanta.ec\/index.php\/wp-json\/wp\/v2\/posts"}],"about":[{"href":"https:\/\/elmercuriomanta.ec\/index.php\/wp-json\/wp\/v2\/types\/post"}],"author":[{"embeddable":true,"href":"https:\/\/elmercuriomanta.ec\/index.php\/wp-json\/wp\/v2\/users\/12"}],"replies":[{"embeddable":true,"href":"https:\/\/elmercuriomanta.ec\/index.php\/wp-json\/wp\/v2\/comments?post=29674"}],"version-history":[{"count":1,"href":"https:\/\/elmercuriomanta.ec\/index.php\/wp-json\/wp\/v2\/posts\/29674\/revisions"}],"predecessor-version":[{"id":29676,"href":"https:\/\/elmercuriomanta.ec\/index.php\/wp-json\/wp\/v2\/posts\/29674\/revisions\/29676"}],"wp:featuredmedia":[{"embeddable":true,"href":"https:\/\/elmercuriomanta.ec\/index.php\/wp-json\/wp\/v2\/media\/29675"}],"wp:attachment":[{"href":"https:\/\/elmercuriomanta.ec\/index.php\/wp-json\/wp\/v2\/media?parent=29674"}],"wp:term":[{"taxonomy":"category","embeddable":true,"href":"https:\/\/elmercuriomanta.ec\/index.php\/wp-json\/wp\/v2\/categories?post=29674"},{"taxonomy":"post_tag","embeddable":true,"href":"https:\/\/elmercuriomanta.ec\/index.php\/wp-json\/wp\/v2\/tags?post=29674"}],"curies":[{"name":"wp","href":"https:\/\/api.w.org\/{rel}","templated":true}]}}