{"id":29647,"date":"2024-10-15T14:57:56","date_gmt":"2024-10-15T19:57:56","guid":{"rendered":"https:\/\/elmercuriomanta.ec\/?p=29647"},"modified":"2024-10-15T14:57:56","modified_gmt":"2024-10-15T19:57:56","slug":"noboa-le-quita-el-subsidio-electrico-a-las-mineras","status":"publish","type":"post","link":"https:\/\/elmercuriomanta.ec\/index.php\/2024\/10\/15\/noboa-le-quita-el-subsidio-electrico-a-las-mineras\/","title":{"rendered":"Noboa le quita el subsidio el\u00e9ctrico a las mineras"},"content":{"rendered":"\n<figure class=\"wp-block-image aligncenter size-full is-resized\"><img fetchpriority=\"high\" decoding=\"async\" width=\"1005\" height=\"670\" src=\"https:\/\/elmercuriomanta.ec\/wp-content\/uploads\/2024\/10\/image-203.png\" alt=\"\" class=\"wp-image-29648\" style=\"width:285px;height:auto\" srcset=\"https:\/\/elmercuriomanta.ec\/wp-content\/uploads\/2024\/10\/image-203.png 1005w, https:\/\/elmercuriomanta.ec\/wp-content\/uploads\/2024\/10\/image-203-300x200.png 300w, https:\/\/elmercuriomanta.ec\/wp-content\/uploads\/2024\/10\/image-203-768x512.png 768w\" sizes=\"(max-width: 1005px) 100vw, 1005px\" \/><\/figure>\n\n\n\n<p>En sus redes sociales el presidente Daniel Noboa anunci\u00f3 que junto a<a href=\"https:\/\/x.com\/inesmanzano\"> la ministra de energ\u00eda Ines Manzano<\/a>, dieron el primer paso para que el subsidio a la electricidad no vaya a los mayores consumidores, como son Las mineras en Ecuador. Adem\u00e1s, asever\u00f3 que \u201cEse subsidio incongruente e injusto que han tenido las mineras, no va m\u00e1s. Los subsidios deben ir a quien m\u00e1s los necesita.\u201d<\/p>\n\n\n\n<figure class=\"wp-block-embed is-type-rich is-provider-twitter wp-block-embed-twitter\"><div class=\"wp-block-embed__wrapper\">\n<blockquote class=\"twitter-tweet\" data-width=\"550\" data-dnt=\"true\"><p lang=\"es\" dir=\"ltr\">Hoy, junto a <a href=\"https:\/\/twitter.com\/inesmanzano?ref_src=twsrc%5Etfw\">@inesmanzano<\/a> , damos el primer paso para que el subsidio a la electricidad no vaya a los mayores consumidores. Las mineras en Ecuador consumen m\u00e1s energ\u00eda de la que necesita un hospital para operar. Y a\u00fan as\u00ed, su tarifa de energ\u00eda ha sido subsidiada por el Estado.\u2026 <a href=\"https:\/\/t.co\/bt0oHZLIbp\">pic.twitter.com\/bt0oHZLIbp<\/a><\/p>&mdash; Daniel Noboa Azin (@DanielNoboaOk) <a href=\"https:\/\/twitter.com\/DanielNoboaOk\/status\/1846222115667955916?ref_src=twsrc%5Etfw\">October 15, 2024<\/a><\/blockquote><script async src=\"https:\/\/platform.twitter.com\/widgets.js\" charset=\"utf-8\"><\/script>\n<\/div><\/figure>\n\n\n\n<p>\u00abHoy, junto a @inesmanzano (In\u00e9s Manzano), damos el primer paso para que&nbsp;<strong>el subsidio a la electricidad<\/strong>&nbsp;no vaya a los mayores consumidores. Las mineras en Ecuador consumen m\u00e1s energ\u00eda de la que necesita un hospital para operar. Y a\u00fan as\u00ed, su tarifa de energ\u00eda ha sido subsidiada por el Estado\u00bb, se\u00f1al\u00f3 Noboa, en su cuenta de X.&nbsp;<\/p>\n\n\n\n<p>Seg\u00fan Noboa, el subsidio es&nbsp;<strong>\u00abincongruente e injusto\u00bb&nbsp;&nbsp;<\/strong>y \u00abno va m\u00e1s\u00bb. El primer mandatario se\u00f1al\u00f3 que los subsidios deben ir a quien m\u00e1s los necesita. \u00abCon sentido de justicia y acciones, estamos arreglando el sistema roto que nos dejaron. No pararemos\u00bb.<\/p>\n","protected":false},"excerpt":{"rendered":"<p>En sus redes sociales el presidente Daniel Noboa anunci\u00f3 que junto a la ministra de energ\u00eda Ines Manzano, dieron el primer paso para que el subsidio a la electricidad no vaya a los mayores consumidores, como son Las mineras en Ecuador. Adem\u00e1s, asever\u00f3 que \u201cEse subsidio incongruente e injusto que han tenido las mineras, no va m\u00e1s. Los subsidios deben ir a quien m\u00e1s los necesita.\u201d<\/p>\n","protected":false},"author":14,"featured_media":29648,"comment_status":"open","ping_status":"open","sticky":false,"template":"","format":"standard","meta":{"footnotes":""},"categories":[54],"tags":[22],"class_list":["post-29647","post","type-post","status-publish","format-standard","has-post-thumbnail","hentry","category-politica","tag-politica"],"_links":{"self":[{"href":"https:\/\/elmercuriomanta.ec\/index.php\/wp-json\/wp\/v2\/posts\/29647","targetHints":{"allow":["GET"]}}],"collection":[{"href":"https:\/\/elmercuriomanta.ec\/index.php\/wp-json\/wp\/v2\/posts"}],"about":[{"href":"https:\/\/elmercuriomanta.ec\/index.php\/wp-json\/wp\/v2\/types\/post"}],"author":[{"embeddable":true,"href":"https:\/\/elmercuriomanta.ec\/index.php\/wp-json\/wp\/v2\/users\/14"}],"replies":[{"embeddable":true,"href":"https:\/\/elmercuriomanta.ec\/index.php\/wp-json\/wp\/v2\/comments?post=29647"}],"version-history":[{"count":1,"href":"https:\/\/elmercuriomanta.ec\/index.php\/wp-json\/wp\/v2\/posts\/29647\/revisions"}],"predecessor-version":[{"id":29649,"href":"https:\/\/elmercuriomanta.ec\/index.php\/wp-json\/wp\/v2\/posts\/29647\/revisions\/29649"}],"wp:featuredmedia":[{"embeddable":true,"href":"https:\/\/elmercuriomanta.ec\/index.php\/wp-json\/wp\/v2\/media\/29648"}],"wp:attachment":[{"href":"https:\/\/elmercuriomanta.ec\/index.php\/wp-json\/wp\/v2\/media?parent=29647"}],"wp:term":[{"taxonomy":"category","embeddable":true,"href":"https:\/\/elmercuriomanta.ec\/index.php\/wp-json\/wp\/v2\/categories?post=29647"},{"taxonomy":"post_tag","embeddable":true,"href":"https:\/\/elmercuriomanta.ec\/index.php\/wp-json\/wp\/v2\/tags?post=29647"}],"curies":[{"name":"wp","href":"https:\/\/api.w.org\/{rel}","templated":true}]}}