{"id":29602,"date":"2024-10-15T10:40:30","date_gmt":"2024-10-15T15:40:30","guid":{"rendered":"https:\/\/elmercuriomanta.ec\/?p=29602"},"modified":"2024-10-15T10:40:30","modified_gmt":"2024-10-15T15:40:30","slug":"la-violencia-criminal-se-concentro-en-los-distritos-manta-y-portoviejo","status":"publish","type":"post","link":"https:\/\/elmercuriomanta.ec\/index.php\/2024\/10\/15\/la-violencia-criminal-se-concentro-en-los-distritos-manta-y-portoviejo\/","title":{"rendered":"La Violencia Criminal se Concentr\u00f3 en los Distritos Manta y Portoviejo"},"content":{"rendered":"\n<figure class=\"wp-block-image aligncenter size-large is-resized\"><img fetchpriority=\"high\" decoding=\"async\" width=\"1024\" height=\"576\" src=\"https:\/\/elmercuriomanta.ec\/wp-content\/uploads\/2024\/10\/image-191-1024x576.png\" alt=\"\" class=\"wp-image-29605\" style=\"width:509px;height:auto\" srcset=\"https:\/\/elmercuriomanta.ec\/wp-content\/uploads\/2024\/10\/image-191-1024x576.png 1024w, https:\/\/elmercuriomanta.ec\/wp-content\/uploads\/2024\/10\/image-191-300x169.png 300w, https:\/\/elmercuriomanta.ec\/wp-content\/uploads\/2024\/10\/image-191-768x432.png 768w, https:\/\/elmercuriomanta.ec\/wp-content\/uploads\/2024\/10\/image-191.png 1200w\" sizes=\"(max-width: 1024px) 100vw, 1024px\" \/><\/figure>\n\n\n\n<p>El feriado nacional por la Independencia de Guayaquil fue violento en Manab\u00ed, donde se registr\u00f3 una decena de muertes violentas en el centro sur de la provincia. Del viernes 11 de octubre al domingo 13 de octubre de 2024, la violencia se concentr\u00f3 en los distritos priorizados: Portoviejo y Manta. Este \u00faltimo tambi\u00e9n lo conforman Montecristi y Jaramij\u00f3. De hecho, en Manta, que es el Distrito m\u00e1s violento de Manab\u00ed, se registraron tres asesinatos durante el feriado.<\/p>\n\n\n\n<p>A la fecha, el Distrito ya alcanza 235 muertes violentas en lo que va de 2024, mientras que en Portoviejo hubo siete muertes violentas en tres escenas distintas. La que m\u00e1s caus\u00f3 conmoci\u00f3n fue la registrada la noche del viernes en una vivienda de la parroquia Calder\u00f3n, donde cuatro personas fueron asesinadas y una qued\u00f3 herida. La capital registra 196 muertes violentas en lo que va de 2024. Manab\u00ed registra 632 cr\u00edmenes en este 2024 y es una de las provincias en estado de excepci\u00f3n y donde los esfuerzos se han redoblado por el Bloque de Seguridad.<\/p>\n","protected":false},"excerpt":{"rendered":"<p>El feriado nacional por la Independencia de Guayaquil fue violento en Manab\u00ed, donde se registr\u00f3 una decena de muertes violentas en el centro sur de la provincia. Del viernes 11 de octubre al domingo 13 de octubre de 2024, la violencia se concentr\u00f3 en los distritos priorizados: Portoviejo y Manta. Este \u00faltimo tambi\u00e9n lo conforman Montecristi y Jaramij\u00f3. De hecho, en Manta, que es el Distrito m\u00e1s violento de Manab\u00ed, se registraron tres asesinatos durante el feriado.<\/p>\n<p>A la fecha, el Distrito ya alcanza 235 muertes violentas en lo que va de 2024, mientras que en Portoviejo hubo siete muertes violentas en tres escenas distintas. La que m\u00e1s caus\u00f3 conmoci\u00f3n fue la registrada la noche del viernes en una vivienda de la parroquia Calder\u00f3n, donde cuatro personas fueron asesinadas y una qued\u00f3 herida. La capital registra 196 muertes violentas en lo que va de 2024. Manab\u00ed registra 632 cr\u00edmenes en este 2024 y es una de las provincias en estado de excepci\u00f3n y donde los esfuerzos se han redoblado por el Bloque de Seguridad.<\/p>\n","protected":false},"author":12,"featured_media":29605,"comment_status":"open","ping_status":"open","sticky":false,"template":"","format":"standard","meta":{"footnotes":""},"categories":[83],"tags":[29],"class_list":["post-29602","post","type-post","status-publish","format-standard","has-post-thumbnail","hentry","category-sucesos","tag-manabi"],"_links":{"self":[{"href":"https:\/\/elmercuriomanta.ec\/index.php\/wp-json\/wp\/v2\/posts\/29602","targetHints":{"allow":["GET"]}}],"collection":[{"href":"https:\/\/elmercuriomanta.ec\/index.php\/wp-json\/wp\/v2\/posts"}],"about":[{"href":"https:\/\/elmercuriomanta.ec\/index.php\/wp-json\/wp\/v2\/types\/post"}],"author":[{"embeddable":true,"href":"https:\/\/elmercuriomanta.ec\/index.php\/wp-json\/wp\/v2\/users\/12"}],"replies":[{"embeddable":true,"href":"https:\/\/elmercuriomanta.ec\/index.php\/wp-json\/wp\/v2\/comments?post=29602"}],"version-history":[{"count":1,"href":"https:\/\/elmercuriomanta.ec\/index.php\/wp-json\/wp\/v2\/posts\/29602\/revisions"}],"predecessor-version":[{"id":29606,"href":"https:\/\/elmercuriomanta.ec\/index.php\/wp-json\/wp\/v2\/posts\/29602\/revisions\/29606"}],"wp:featuredmedia":[{"embeddable":true,"href":"https:\/\/elmercuriomanta.ec\/index.php\/wp-json\/wp\/v2\/media\/29605"}],"wp:attachment":[{"href":"https:\/\/elmercuriomanta.ec\/index.php\/wp-json\/wp\/v2\/media?parent=29602"}],"wp:term":[{"taxonomy":"category","embeddable":true,"href":"https:\/\/elmercuriomanta.ec\/index.php\/wp-json\/wp\/v2\/categories?post=29602"},{"taxonomy":"post_tag","embeddable":true,"href":"https:\/\/elmercuriomanta.ec\/index.php\/wp-json\/wp\/v2\/tags?post=29602"}],"curies":[{"name":"wp","href":"https:\/\/api.w.org\/{rel}","templated":true}]}}