{"id":29583,"date":"2024-10-15T13:17:36","date_gmt":"2024-10-15T18:17:36","guid":{"rendered":"https:\/\/elmercuriomanta.ec\/?p=29583"},"modified":"2024-10-15T13:17:36","modified_gmt":"2024-10-15T18:17:36","slug":"manabi-busca-reconocimiento-mundial-celebrando-su-riqueza-gastronomica-y-cultural","status":"publish","type":"post","link":"https:\/\/elmercuriomanta.ec\/index.php\/2024\/10\/15\/manabi-busca-reconocimiento-mundial-celebrando-su-riqueza-gastronomica-y-cultural\/","title":{"rendered":"Manab\u00ed busca reconocimiento mundial: Celebrando su riqueza gastron\u00f3mica y cultural"},"content":{"rendered":"\n<div class=\"wp-block-columns is-layout-flex wp-container-core-columns-is-layout-28f84493 wp-block-columns-is-layout-flex\">\n<div class=\"wp-block-column is-layout-flow wp-block-column-is-layout-flow\">\n<figure class=\"wp-block-image size-large\"><img fetchpriority=\"high\" decoding=\"async\" width=\"1024\" height=\"576\" src=\"https:\/\/elmercuriomanta.ec\/wp-content\/uploads\/2024\/10\/WhatsApp-Image-2024-10-14-at-3.01.27-PM-3-1024x576.jpeg\" alt=\"\" class=\"wp-image-29584\" srcset=\"https:\/\/elmercuriomanta.ec\/wp-content\/uploads\/2024\/10\/WhatsApp-Image-2024-10-14-at-3.01.27-PM-3-1024x576.jpeg 1024w, https:\/\/elmercuriomanta.ec\/wp-content\/uploads\/2024\/10\/WhatsApp-Image-2024-10-14-at-3.01.27-PM-3-300x169.jpeg 300w, https:\/\/elmercuriomanta.ec\/wp-content\/uploads\/2024\/10\/WhatsApp-Image-2024-10-14-at-3.01.27-PM-3-768x432.jpeg 768w, https:\/\/elmercuriomanta.ec\/wp-content\/uploads\/2024\/10\/WhatsApp-Image-2024-10-14-at-3.01.27-PM-3-1536x864.jpeg 1536w, https:\/\/elmercuriomanta.ec\/wp-content\/uploads\/2024\/10\/WhatsApp-Image-2024-10-14-at-3.01.27-PM-3.jpeg 1600w\" sizes=\"(max-width: 1024px) 100vw, 1024px\" \/><\/figure>\n<\/div>\n\n\n\n<div class=\"wp-block-column is-layout-flow wp-block-column-is-layout-flow\">\n<figure class=\"wp-block-image size-large\"><img decoding=\"async\" width=\"1024\" height=\"576\" src=\"https:\/\/elmercuriomanta.ec\/wp-content\/uploads\/2024\/10\/WhatsApp-Image-2024-10-14-at-3.01.27-PM-2-1024x576.jpeg\" alt=\"\" class=\"wp-image-29585\" srcset=\"https:\/\/elmercuriomanta.ec\/wp-content\/uploads\/2024\/10\/WhatsApp-Image-2024-10-14-at-3.01.27-PM-2-1024x576.jpeg 1024w, https:\/\/elmercuriomanta.ec\/wp-content\/uploads\/2024\/10\/WhatsApp-Image-2024-10-14-at-3.01.27-PM-2-300x169.jpeg 300w, https:\/\/elmercuriomanta.ec\/wp-content\/uploads\/2024\/10\/WhatsApp-Image-2024-10-14-at-3.01.27-PM-2-768x432.jpeg 768w, https:\/\/elmercuriomanta.ec\/wp-content\/uploads\/2024\/10\/WhatsApp-Image-2024-10-14-at-3.01.27-PM-2-1536x864.jpeg 1536w, https:\/\/elmercuriomanta.ec\/wp-content\/uploads\/2024\/10\/WhatsApp-Image-2024-10-14-at-3.01.27-PM-2.jpeg 1600w\" sizes=\"(max-width: 1024px) 100vw, 1024px\" \/><\/figure>\n<\/div>\n<\/div>\n\n\n\n<div class=\"wp-block-columns is-layout-flex wp-container-core-columns-is-layout-28f84493 wp-block-columns-is-layout-flex\">\n<div class=\"wp-block-column is-layout-flow wp-block-column-is-layout-flow\"><\/div>\n\n\n\n<div class=\"wp-block-column is-layout-flow wp-block-column-is-layout-flow\"><\/div>\n<\/div>\n\n\n\n<p>La candidatura de Manab\u00ed para convertirse en Regi\u00f3n Gastron\u00f3mica Mundial es impulsada por la C\u00e1mara de Industrias y Producci\u00f3n de Manab\u00ed, la Fundaci\u00f3n Fuegos, la Prefectura de Manab\u00ed, la Universidad Laica Eloy Alfaro de Manab\u00ed y La Fabril con su marca La Favorita. Estos actores han unido esfuerzos para mostrar al mundo la riqueza gastron\u00f3mica y cultural de nuestra regi\u00f3n.<\/p>\n\n\n\n<p>El objetivo de la candidatura es celebrar los ingredientes aut\u00f3ctonos y las t\u00e9cnicas ancestrales, al tiempo que se impulsa la econom\u00eda local y se preserva la identidad cultural. Este reconocimiento ayudar\u00e1 a posicionar a la provincia en la \u00e9lite gastron\u00f3mica global, abriendo nuevas oportunidades para el desarrollo sostenible.<\/p>\n\n\n\n<p><a href=\"https:\/\/www.lafabril.com.ec\/\">La Fabril<\/a>, a trav\u00e9s de su marca La Favorita, se suma al respaldo de la candidatura de Manab\u00ed para recibir el t\u00edtulo de Regi\u00f3n Gastron\u00f3mica Mundial. Este reconocimiento resaltar\u00e1 la riqueza culinaria de la provincia como un componente esencial del patrimonio cultural ecuatoriano, mejorando su visibilidad internacional, potenciando el turismo y creando nuevas oportunidades econ\u00f3micas para los habitantes locales.<\/p>\n\n\n\n<p>\u00abLa Fabril siempre ha apostado por el crecimiento de Manab\u00ed, y con nuestra marca La Favorita, producida y distribuida con orgullo desde esta tierra, reafirmamos nuestro compromiso con el desarrollo integral de la provincia\u00bb, asegur\u00f3 <strong>Alejandro Maldonado, Gerente de Proyectos y Sostenibilidad de La Fabril<\/strong>. La marca Favorita ha acompa\u00f1ado a diversas generaciones en la creaci\u00f3n de la comida ecuatoriana, manteniendo un compromiso constante con la calidad. Hoy, Manab\u00ed presentar\u00e1 su versi\u00f3n favorita, reflejando el esfuerzo por crear lo mejor de cada uno de nosotros.<\/p>\n\n\n\n<p>Por su parte, <strong>Leonardo Orlando, Prefecto de Manab\u00ed<\/strong>, destac\u00f3: \u00abLa postulaci\u00f3n de Manab\u00ed como Regi\u00f3n Gastron\u00f3mica Mundial pone en valor nuestra cocina tradicional, ofreciendo una plataforma para promover un desarrollo sostenible que beneficiar\u00e1 a todos los manabitas.\u00bb<\/p>\n\n\n\n<p><strong>Orazio Bellettini, de la Fundaci\u00f3n FUEGOS<\/strong>, agreg\u00f3: \u00abLa gastronom\u00eda de Manab\u00ed es \u00fanica y merece ser reconocida internacionalmente. Esta iniciativa nos permitir\u00e1 llevar al mundo la cultura y los productos manabitas, generando oportunidades para emprendedores y contribuyendo al desarrollo sostenible de Manab\u00ed y del Ecuador.\u00bb<\/p>\n\n\n\n<p>La candidatura de Manab\u00ed Gastron\u00f3mica es un reconocimiento a una tradici\u00f3n culinaria forjada a lo largo de los siglos. Destaca a Manab\u00ed como el n\u00facleo de la riqueza gastron\u00f3mica de Ecuador, donde los sabores ancestrales, los productos \u00fanicos de la tierra y la pasi\u00f3n de su gente se entrelazan para crear una cocina aut\u00e9ntica y excepcional.<\/p>\n\n\n\n<p>Se invita a la ciudadan\u00eda a apoyar esta valiosa iniciativa ingresando a &nbsp;<a href=\"https:\/\/manabigastronomico.ec\/\">https:\/\/manabigastronomico.ec\/<\/a> para emitir su voto a favor de Manab\u00ed como Regi\u00f3n Gastron\u00f3mica Mundial.<\/p>\n\n\n\n<p><\/p>\n","protected":false},"excerpt":{"rendered":"<p>La candidatura de Manab\u00ed para convertirse en Regi\u00f3n Gastron\u00f3mica Mundial es impulsada por la C\u00e1mara de Industrias y Producci\u00f3n de Manab\u00ed, la Fundaci\u00f3n Fuegos, la Prefectura de Manab\u00ed, la Universidad Laica Eloy Alfaro de Manab\u00ed y La Fabril con su marca La Favorita. Estos actores han unido esfuerzos para mostrar al mundo la riqueza gastron\u00f3mica y cultural de nuestra regi\u00f3n.<\/p>\n","protected":false},"author":14,"featured_media":29585,"comment_status":"open","ping_status":"open","sticky":false,"template":"","format":"standard","meta":{"footnotes":""},"categories":[19,1],"tags":[29],"class_list":["post-29583","post","type-post","status-publish","format-standard","has-post-thumbnail","hentry","category-portada-1","category-uncategorized","tag-manabi"],"_links":{"self":[{"href":"https:\/\/elmercuriomanta.ec\/index.php\/wp-json\/wp\/v2\/posts\/29583","targetHints":{"allow":["GET"]}}],"collection":[{"href":"https:\/\/elmercuriomanta.ec\/index.php\/wp-json\/wp\/v2\/posts"}],"about":[{"href":"https:\/\/elmercuriomanta.ec\/index.php\/wp-json\/wp\/v2\/types\/post"}],"author":[{"embeddable":true,"href":"https:\/\/elmercuriomanta.ec\/index.php\/wp-json\/wp\/v2\/users\/14"}],"replies":[{"embeddable":true,"href":"https:\/\/elmercuriomanta.ec\/index.php\/wp-json\/wp\/v2\/comments?post=29583"}],"version-history":[{"count":1,"href":"https:\/\/elmercuriomanta.ec\/index.php\/wp-json\/wp\/v2\/posts\/29583\/revisions"}],"predecessor-version":[{"id":29645,"href":"https:\/\/elmercuriomanta.ec\/index.php\/wp-json\/wp\/v2\/posts\/29583\/revisions\/29645"}],"wp:featuredmedia":[{"embeddable":true,"href":"https:\/\/elmercuriomanta.ec\/index.php\/wp-json\/wp\/v2\/media\/29585"}],"wp:attachment":[{"href":"https:\/\/elmercuriomanta.ec\/index.php\/wp-json\/wp\/v2\/media?parent=29583"}],"wp:term":[{"taxonomy":"category","embeddable":true,"href":"https:\/\/elmercuriomanta.ec\/index.php\/wp-json\/wp\/v2\/categories?post=29583"},{"taxonomy":"post_tag","embeddable":true,"href":"https:\/\/elmercuriomanta.ec\/index.php\/wp-json\/wp\/v2\/tags?post=29583"}],"curies":[{"name":"wp","href":"https:\/\/api.w.org\/{rel}","templated":true}]}}