{"id":29575,"date":"2024-10-14T15:28:01","date_gmt":"2024-10-14T20:28:01","guid":{"rendered":"https:\/\/elmercuriomanta.ec\/?p=29575"},"modified":"2024-10-14T15:28:01","modified_gmt":"2024-10-14T20:28:01","slug":"en-manta-y-portoviejo-se-concentro-la-violencia-criminal-durante-el-feriado","status":"publish","type":"post","link":"https:\/\/elmercuriomanta.ec\/index.php\/2024\/10\/14\/en-manta-y-portoviejo-se-concentro-la-violencia-criminal-durante-el-feriado\/","title":{"rendered":"En Manta y Portoviejo se concentr\u00f3 la violencia criminal durante el feriado"},"content":{"rendered":"\n<figure class=\"wp-block-image aligncenter size-full is-resized\"><img fetchpriority=\"high\" decoding=\"async\" width=\"640\" height=\"360\" src=\"https:\/\/elmercuriomanta.ec\/wp-content\/uploads\/2024\/10\/image-186.png\" alt=\"\" class=\"wp-image-29576\" style=\"width:434px;height:auto\" srcset=\"https:\/\/elmercuriomanta.ec\/wp-content\/uploads\/2024\/10\/image-186.png 640w, https:\/\/elmercuriomanta.ec\/wp-content\/uploads\/2024\/10\/image-186-300x169.png 300w\" sizes=\"(max-width: 640px) 100vw, 640px\" \/><\/figure>\n\n\n\n<p>El feriado del 9 de Octubre, por la Independencia de Guayaquil fue violento en Manab\u00ed, registr\u00e1ndose una decena de muertes violentas en el centro sur de la provincia.\u00a0Prioriz\u00e1ndose desde el viernes 11 de octubre al domingo 13 de octubre de 2024, la violencia se concentr\u00f3 en los distritos priorizados: Portoviejo y Manta. Este \u00faltimo tambi\u00e9n lo conforman Montecristi y Jaramij\u00f3.<\/p>\n\n\n\n<p>En el Distrito m\u00e1s violento de Manab\u00ed, Manta se registraron tres asesinatos en el feriado.<br>Hasta la fecha, el Distrito ya alcanza 235 muertes violentas en lo que va de 2024.<\/p>\n\n\n\n<p>En Portoviejo hubo siete muertes violentas en tres escenas distintas. La capital registra 196 muertes violentas en lo que va de 2024.<\/p>\n\n\n\n<p><br>En el 2024 Manab\u00ed registra 632 cr\u00edmenes y es una de las provincias en estado de excepci\u00f3n y donde los esfuerzos se han redoblado por el Bloque de Seguridad.<br><\/p>\n","protected":false},"excerpt":{"rendered":"<p>El feriado del 9 de Octubre, por la Independencia de Guayaquil fue violento en Manab\u00ed, registr\u00e1ndose una decena de muertes violentas en el centro sur de la provincia.\u00a0Prioriz\u00e1ndose desde el viernes 11 de octubre al domingo 13 de octubre de 2024, la violencia se concentr\u00f3 en los distritos priorizados: Portoviejo y Manta. Este \u00faltimo tambi\u00e9n lo conforman Montecristi y Jaramij\u00f3.<\/p>\n","protected":false},"author":14,"featured_media":29576,"comment_status":"open","ping_status":"open","sticky":false,"template":"","format":"standard","meta":{"footnotes":""},"categories":[1],"tags":[],"class_list":["post-29575","post","type-post","status-publish","format-standard","has-post-thumbnail","hentry","category-uncategorized"],"_links":{"self":[{"href":"https:\/\/elmercuriomanta.ec\/index.php\/wp-json\/wp\/v2\/posts\/29575","targetHints":{"allow":["GET"]}}],"collection":[{"href":"https:\/\/elmercuriomanta.ec\/index.php\/wp-json\/wp\/v2\/posts"}],"about":[{"href":"https:\/\/elmercuriomanta.ec\/index.php\/wp-json\/wp\/v2\/types\/post"}],"author":[{"embeddable":true,"href":"https:\/\/elmercuriomanta.ec\/index.php\/wp-json\/wp\/v2\/users\/14"}],"replies":[{"embeddable":true,"href":"https:\/\/elmercuriomanta.ec\/index.php\/wp-json\/wp\/v2\/comments?post=29575"}],"version-history":[{"count":2,"href":"https:\/\/elmercuriomanta.ec\/index.php\/wp-json\/wp\/v2\/posts\/29575\/revisions"}],"predecessor-version":[{"id":29578,"href":"https:\/\/elmercuriomanta.ec\/index.php\/wp-json\/wp\/v2\/posts\/29575\/revisions\/29578"}],"wp:featuredmedia":[{"embeddable":true,"href":"https:\/\/elmercuriomanta.ec\/index.php\/wp-json\/wp\/v2\/media\/29576"}],"wp:attachment":[{"href":"https:\/\/elmercuriomanta.ec\/index.php\/wp-json\/wp\/v2\/media?parent=29575"}],"wp:term":[{"taxonomy":"category","embeddable":true,"href":"https:\/\/elmercuriomanta.ec\/index.php\/wp-json\/wp\/v2\/categories?post=29575"},{"taxonomy":"post_tag","embeddable":true,"href":"https:\/\/elmercuriomanta.ec\/index.php\/wp-json\/wp\/v2\/tags?post=29575"}],"curies":[{"name":"wp","href":"https:\/\/api.w.org\/{rel}","templated":true}]}}