{"id":29571,"date":"2024-10-14T14:26:08","date_gmt":"2024-10-14T19:26:08","guid":{"rendered":"https:\/\/elmercuriomanta.ec\/?p=29571"},"modified":"2024-10-14T14:26:08","modified_gmt":"2024-10-14T19:26:08","slug":"gobierno-cancela-el-alquiler-de-una-segunda-barcaza","status":"publish","type":"post","link":"https:\/\/elmercuriomanta.ec\/index.php\/2024\/10\/14\/gobierno-cancela-el-alquiler-de-una-segunda-barcaza\/","title":{"rendered":"Gobierno cancela el alquiler de una segunda barcaza"},"content":{"rendered":"\n<figure class=\"wp-block-image aligncenter size-full is-resized\"><img fetchpriority=\"high\" decoding=\"async\" width=\"1024\" height=\"683\" src=\"https:\/\/elmercuriomanta.ec\/wp-content\/uploads\/2024\/10\/image-185.png\" alt=\"\" class=\"wp-image-29572\" style=\"width:440px;height:auto\" srcset=\"https:\/\/elmercuriomanta.ec\/wp-content\/uploads\/2024\/10\/image-185.png 1024w, https:\/\/elmercuriomanta.ec\/wp-content\/uploads\/2024\/10\/image-185-300x200.png 300w, https:\/\/elmercuriomanta.ec\/wp-content\/uploads\/2024\/10\/image-185-768x512.png 768w\" sizes=\"(max-width: 1024px) 100vw, 1024px\" \/><\/figure>\n\n\n\n<p>Este lunes, La ministra de Energ\u00eda encargada, In\u00e9s Manzano, confirm\u00f3 que se cancel\u00f3 el alquiler de una segunda barcaza de energ\u00eda flotante, en noviembre pr\u00f3ximo para enfrentar a la crisis energ\u00e9tica. Adem\u00e1s, se\u00f1al\u00f3  que El presidente Daniel Noboa decidi\u00f3 comprar generaci\u00f3n m\u00f3vil en lugar de solo alquilarla.<\/p>\n\n\n\n<p>Comprar\u00e1n 350 megavatios (MW) de generaci\u00f3n en tierra. Los equipos operar\u00e1n entre 40 y 60 d\u00edas. Asegurando que \u201cEstamos esperando que el primer bloque ya entre a mediados de noviembre\u201d, Tambi\u00e9n se\u00f1al\u00f3 que ya est\u00e1 el proceso de contrataci\u00f3n para un segundo  bloque de energ\u00eda, de 800 MW, y se prev\u00e9 que estar\u00e1 operativo antes de fin de a\u00f1o.<br><\/p>\n","protected":false},"excerpt":{"rendered":"<p>Este lunes, La ministra de Energ\u00eda encargada, In\u00e9s Manzano, confirm\u00f3 que se cancel\u00f3 el alquiler de una segunda barcaza de energ\u00eda flotante, en noviembre pr\u00f3ximo para enfrentar a la crisis energ\u00e9tica. Adem\u00e1s, se\u00f1al\u00f3  que El presidente Daniel Noboa decidi\u00f3 comprar generaci\u00f3n m\u00f3vil en lugar de solo alquilarla.<\/p>\n","protected":false},"author":14,"featured_media":29572,"comment_status":"open","ping_status":"open","sticky":false,"template":"","format":"standard","meta":{"footnotes":""},"categories":[20,83],"tags":[23],"class_list":["post-29571","post","type-post","status-publish","format-standard","has-post-thumbnail","hentry","category-portada-2","category-sucesos","tag-ecuador"],"_links":{"self":[{"href":"https:\/\/elmercuriomanta.ec\/index.php\/wp-json\/wp\/v2\/posts\/29571","targetHints":{"allow":["GET"]}}],"collection":[{"href":"https:\/\/elmercuriomanta.ec\/index.php\/wp-json\/wp\/v2\/posts"}],"about":[{"href":"https:\/\/elmercuriomanta.ec\/index.php\/wp-json\/wp\/v2\/types\/post"}],"author":[{"embeddable":true,"href":"https:\/\/elmercuriomanta.ec\/index.php\/wp-json\/wp\/v2\/users\/14"}],"replies":[{"embeddable":true,"href":"https:\/\/elmercuriomanta.ec\/index.php\/wp-json\/wp\/v2\/comments?post=29571"}],"version-history":[{"count":2,"href":"https:\/\/elmercuriomanta.ec\/index.php\/wp-json\/wp\/v2\/posts\/29571\/revisions"}],"predecessor-version":[{"id":29574,"href":"https:\/\/elmercuriomanta.ec\/index.php\/wp-json\/wp\/v2\/posts\/29571\/revisions\/29574"}],"wp:featuredmedia":[{"embeddable":true,"href":"https:\/\/elmercuriomanta.ec\/index.php\/wp-json\/wp\/v2\/media\/29572"}],"wp:attachment":[{"href":"https:\/\/elmercuriomanta.ec\/index.php\/wp-json\/wp\/v2\/media?parent=29571"}],"wp:term":[{"taxonomy":"category","embeddable":true,"href":"https:\/\/elmercuriomanta.ec\/index.php\/wp-json\/wp\/v2\/categories?post=29571"},{"taxonomy":"post_tag","embeddable":true,"href":"https:\/\/elmercuriomanta.ec\/index.php\/wp-json\/wp\/v2\/tags?post=29571"}],"curies":[{"name":"wp","href":"https:\/\/api.w.org\/{rel}","templated":true}]}}