{"id":29568,"date":"2024-10-14T12:45:03","date_gmt":"2024-10-14T17:45:03","guid":{"rendered":"https:\/\/elmercuriomanta.ec\/?p=29568"},"modified":"2024-10-14T12:45:03","modified_gmt":"2024-10-14T17:45:03","slug":"quien-es-andrea-gonzalez-candidata-a-la-presidencia-de-la-republica","status":"publish","type":"post","link":"https:\/\/elmercuriomanta.ec\/index.php\/2024\/10\/14\/quien-es-andrea-gonzalez-candidata-a-la-presidencia-de-la-republica\/","title":{"rendered":"\u00bfQui\u00e9n es Andrea Gonz\u00e1lez, candidata a la Presidencia de la Rep\u00fablica?"},"content":{"rendered":"\n<figure class=\"wp-block-image aligncenter size-large is-resized\"><img fetchpriority=\"high\" decoding=\"async\" width=\"1024\" height=\"616\" src=\"https:\/\/elmercuriomanta.ec\/wp-content\/uploads\/2024\/10\/image-184-1024x616.png\" alt=\"\" class=\"wp-image-29569\" style=\"width:428px;height:auto\" srcset=\"https:\/\/elmercuriomanta.ec\/wp-content\/uploads\/2024\/10\/image-184-1024x616.png 1024w, https:\/\/elmercuriomanta.ec\/wp-content\/uploads\/2024\/10\/image-184-300x181.png 300w, https:\/\/elmercuriomanta.ec\/wp-content\/uploads\/2024\/10\/image-184-768x462.png 768w, https:\/\/elmercuriomanta.ec\/wp-content\/uploads\/2024\/10\/image-184.png 1170w\" sizes=\"(max-width: 1024px) 100vw, 1024px\" \/><\/figure>\n\n\n\n<p>Andrea Gonz\u00e1lez tiene 37 a\u00f1os y es una guayaquile\u00f1a\u00a0<strong>activista por el medioambiente y candidata a la Presidencia de la Rep\u00fablica para las elecciones de 2025.<\/strong>\u00a0Es respaldada por el partido pol\u00edtico\u00a0<a href=\"https:\/\/gk.city\/tag\/psp\/\">Sociedad Patri\u00f3tica<\/a>\u00a0(PSP), del ex presidente\u00a0<a href=\"https:\/\/gk.city\/2020\/10\/08\/quien-es-lucio-gutierrez\/\">Lucio Guti\u00e9rrez<\/a>.\u00a0Su compa\u00f1ero de f\u00f3rmula es <strong>Galo Moncayo es su candidato a\u00a0 la vicepresidencia.\u00a0<\/strong><\/p>\n\n\n\n<p>Gonz\u00e1lez\u00a0fue\u00a0<strong>candidata a la vicepresidencia en las\u00a0<a href=\"https:\/\/gk.city\/tag\/elecciones-ecuador-2023\/\">elecciones anticipadas de 2023<\/a><\/strong>, junto a\u00a0<a href=\"https:\/\/gk.city\/2021\/05\/11\/fernando-villavicencio-asambleista\/\">Fernando Villavicencio<\/a>, ex periodista y pol\u00edtico\u00a0que fue asesinado el 9 de agosto de 2023, durante un mitin pol\u00edtico en Quito, a 11 d\u00edas de las elecciones.<\/p>\n\n\n\n<p>Tras el atentado, su compa\u00f1ero <a href=\"https:\/\/gk.city\/2023\/08\/14\/quien-christian-zurita\/\">Christian Zurita<\/a>, asumi\u00f3 el puesto. <strong>La f\u00f3rmula Zurita-Gonz\u00e1lez, con el respaldo del movimiento\u00a0<a href=\"https:\/\/gk.city\/2020\/10\/07\/construye-ruptura-25-elecciones\/\">Construye<\/a>,\u00a0qued\u00f3 en tercer lugar<\/strong>\u00a0con\u00a0el 16,4% de votos.<\/p>\n\n\n\n<p>Andrea Gonz\u00e1lez\u00a0particip\u00f3 en las\u00a0<a href=\"https:\/\/gk.city\/elecciones-2019\/\">elecciones seccionales de 2019<\/a>, en su candidatura<strong> para la viceprefectura del Guayas por Unidad Popular<\/strong>, junto a Valent\u00edn Sala. Quedando en\u00a0s\u00e9ptimo\u00a0lugar.\u00a0<\/p>\n\n\n\n<p>F<strong>ue candidata a asamble\u00edsta nacional por la Alianza Honestidad,<\/strong> en\u00a0el <strong>2021<\/strong>.Pero tampoco gan\u00f3.<\/p>\n\n\n\n<p>Gonz\u00e1lez no tiene experiencia en el sector p\u00fablico.\u00a0<\/p>\n\n\n\n<p>Ella es i<strong>ngeniera en gesti\u00f3n tecnol\u00f3gica en medioambiente<\/strong>\u00a0de profesi\u00f3n, seg\u00fan registra la Senescyt. H<strong>a trabajado en temas de comunicaci\u00f3n, gesti\u00f3n y asesor\u00eda ambiental.<\/strong>\u00a0Es\u00a0<strong>directora y fundadora de\u00a0<a href=\"https:\/\/www.instagram.com\/ecoverdeec\/\">EcoVerde<\/a><\/strong>, de una plataforma de comunicaci\u00f3n ambiental en radio y redes sociales.<\/p>\n\n\n\n<p>Tambi\u00e9n fue profesora  en\u00a0los colegios Delta-Torremar, Cruz del Sur y Unidad Educativa Bilingue Delta entre 2007 y 2015, seg\u00fan su perfil de LinkedIn.<\/p>\n\n\n\n<p>Andrea Gonz\u00e1lez\u00a0<strong>ha colaborado con varias organizaciones medioambientales<\/strong>\u00a0como la Fundaci\u00f3n La Iguana, Adem\u00e1s ha dirigido proyectos de paisajismo sostenible con especies nativas, siembras corporativas, manejo integral de desechos, entre otros.<\/p>\n","protected":false},"excerpt":{"rendered":"<p>Andrea Gonz\u00e1lez tiene 37 a\u00f1os y es una guayaquile\u00f1a\u00a0activista por el medioambiente y candidata a la Presidencia de la Rep\u00fablica para las elecciones de 2025.\u00a0Es respaldada por el partido pol\u00edtico\u00a0Sociedad Patri\u00f3tica\u00a0(PSP), del ex presidente\u00a0Lucio Guti\u00e9rrez.\u00a0Su compa\u00f1ero de f\u00f3rmula es Galo Moncayo es su candidato a\u00a0 la vicepresidencia.\u00a0<\/p>\n","protected":false},"author":14,"featured_media":29569,"comment_status":"open","ping_status":"open","sticky":false,"template":"","format":"standard","meta":{"footnotes":""},"categories":[54],"tags":[22],"class_list":["post-29568","post","type-post","status-publish","format-standard","has-post-thumbnail","hentry","category-politica","tag-politica"],"_links":{"self":[{"href":"https:\/\/elmercuriomanta.ec\/index.php\/wp-json\/wp\/v2\/posts\/29568","targetHints":{"allow":["GET"]}}],"collection":[{"href":"https:\/\/elmercuriomanta.ec\/index.php\/wp-json\/wp\/v2\/posts"}],"about":[{"href":"https:\/\/elmercuriomanta.ec\/index.php\/wp-json\/wp\/v2\/types\/post"}],"author":[{"embeddable":true,"href":"https:\/\/elmercuriomanta.ec\/index.php\/wp-json\/wp\/v2\/users\/14"}],"replies":[{"embeddable":true,"href":"https:\/\/elmercuriomanta.ec\/index.php\/wp-json\/wp\/v2\/comments?post=29568"}],"version-history":[{"count":1,"href":"https:\/\/elmercuriomanta.ec\/index.php\/wp-json\/wp\/v2\/posts\/29568\/revisions"}],"predecessor-version":[{"id":29570,"href":"https:\/\/elmercuriomanta.ec\/index.php\/wp-json\/wp\/v2\/posts\/29568\/revisions\/29570"}],"wp:featuredmedia":[{"embeddable":true,"href":"https:\/\/elmercuriomanta.ec\/index.php\/wp-json\/wp\/v2\/media\/29569"}],"wp:attachment":[{"href":"https:\/\/elmercuriomanta.ec\/index.php\/wp-json\/wp\/v2\/media?parent=29568"}],"wp:term":[{"taxonomy":"category","embeddable":true,"href":"https:\/\/elmercuriomanta.ec\/index.php\/wp-json\/wp\/v2\/categories?post=29568"},{"taxonomy":"post_tag","embeddable":true,"href":"https:\/\/elmercuriomanta.ec\/index.php\/wp-json\/wp\/v2\/tags?post=29568"}],"curies":[{"name":"wp","href":"https:\/\/api.w.org\/{rel}","templated":true}]}}