{"id":29547,"date":"2024-10-14T10:06:49","date_gmt":"2024-10-14T15:06:49","guid":{"rendered":"https:\/\/elmercuriomanta.ec\/?p=29547"},"modified":"2024-10-14T10:06:49","modified_gmt":"2024-10-14T15:06:49","slug":"derecha-de-espana-acusa-de-corrupcion-al-partido-socialista","status":"publish","type":"post","link":"https:\/\/elmercuriomanta.ec\/index.php\/2024\/10\/14\/derecha-de-espana-acusa-de-corrupcion-al-partido-socialista\/","title":{"rendered":"Derecha de Espa\u00f1a acusa de corrupci\u00f3n al Partido Socialista"},"content":{"rendered":"\n<figure class=\"wp-block-image aligncenter size-full is-resized\"><img fetchpriority=\"high\" decoding=\"async\" width=\"780\" height=\"477\" src=\"https:\/\/elmercuriomanta.ec\/wp-content\/uploads\/2024\/10\/image-180.png\" alt=\"\" class=\"wp-image-29548\" style=\"width:494px;height:auto\" srcset=\"https:\/\/elmercuriomanta.ec\/wp-content\/uploads\/2024\/10\/image-180.png 780w, https:\/\/elmercuriomanta.ec\/wp-content\/uploads\/2024\/10\/image-180-300x183.png 300w, https:\/\/elmercuriomanta.ec\/wp-content\/uploads\/2024\/10\/image-180-768x470.png 768w\" sizes=\"(max-width: 780px) 100vw, 780px\" \/><\/figure>\n\n\n\n<p>La oposici\u00f3n conservadora espa\u00f1ola presentar\u00e1 este lunes una querella en la Audiencia Nacional contra el gobernante Partido Socialista por presunta corrupci\u00f3n relacionada con comisiones ilegales en la venta de mascarillas a administraciones p\u00fablicas durante la pandemia. La secretaria general del Partido Popular (PP), Concepci\u00f3n Gamarra, lo\u00a0justific\u00f3 este domingo debido\u00a0a \u201cla extrema gravedad\u201d de los hechos, que salpican directamente al exministro socialista de Transportes y diputado Jos\u00e9 Luis \u00c1balos. La derecha acusa a los socialistas de delitos de financiaci\u00f3n ilegal, cohecho y tr\u00e1ficod e influencias en un caso con varias ramificaciones.<\/p>\n\n\n\n<p>Un presunto caso de corrupci\u00f3n La proceso que afecta a \u00c1balos se remonta a denuncias sobre\u00a0una trama que se benefici\u00f3\u00a0de la venta de mascarillas durante la pandemia y que envolv\u00eda a Koldo Garc\u00eda, un asesor del entonces ministro de Transportes y secretario de Organizaci\u00f3n del Partido Socialista, adem\u00e1s de persona\u00a0de la m\u00e1xima confianza\u00a0del jefe del Ejecutivo, el socialista Pedro S\u00e1nchez. La dirigente opositora de\u00a0la derecha se refiri\u00f3 a\u00a0informaciones period\u00edsticas y a otras que aparecen en una investigaci\u00f3n de la polic\u00eda judicial.<\/p>\n","protected":false},"excerpt":{"rendered":"<p>La oposici\u00f3n conservadora espa\u00f1ola presentar\u00e1 este lunes una querella en la Audiencia Nacional contra el gobernante Partido Socialista por presunta corrupci\u00f3n relacionada con comisiones ilegales en la venta de mascarillas a administraciones p\u00fablicas durante la pandemia. <\/p>\n","protected":false},"author":14,"featured_media":29548,"comment_status":"open","ping_status":"open","sticky":false,"template":"","format":"standard","meta":{"footnotes":""},"categories":[8],"tags":[42],"class_list":["post-29547","post","type-post","status-publish","format-standard","has-post-thumbnail","hentry","category-internacional","tag-internacional"],"_links":{"self":[{"href":"https:\/\/elmercuriomanta.ec\/index.php\/wp-json\/wp\/v2\/posts\/29547","targetHints":{"allow":["GET"]}}],"collection":[{"href":"https:\/\/elmercuriomanta.ec\/index.php\/wp-json\/wp\/v2\/posts"}],"about":[{"href":"https:\/\/elmercuriomanta.ec\/index.php\/wp-json\/wp\/v2\/types\/post"}],"author":[{"embeddable":true,"href":"https:\/\/elmercuriomanta.ec\/index.php\/wp-json\/wp\/v2\/users\/14"}],"replies":[{"embeddable":true,"href":"https:\/\/elmercuriomanta.ec\/index.php\/wp-json\/wp\/v2\/comments?post=29547"}],"version-history":[{"count":2,"href":"https:\/\/elmercuriomanta.ec\/index.php\/wp-json\/wp\/v2\/posts\/29547\/revisions"}],"predecessor-version":[{"id":29567,"href":"https:\/\/elmercuriomanta.ec\/index.php\/wp-json\/wp\/v2\/posts\/29547\/revisions\/29567"}],"wp:featuredmedia":[{"embeddable":true,"href":"https:\/\/elmercuriomanta.ec\/index.php\/wp-json\/wp\/v2\/media\/29548"}],"wp:attachment":[{"href":"https:\/\/elmercuriomanta.ec\/index.php\/wp-json\/wp\/v2\/media?parent=29547"}],"wp:term":[{"taxonomy":"category","embeddable":true,"href":"https:\/\/elmercuriomanta.ec\/index.php\/wp-json\/wp\/v2\/categories?post=29547"},{"taxonomy":"post_tag","embeddable":true,"href":"https:\/\/elmercuriomanta.ec\/index.php\/wp-json\/wp\/v2\/tags?post=29547"}],"curies":[{"name":"wp","href":"https:\/\/api.w.org\/{rel}","templated":true}]}}