{"id":29542,"date":"2024-10-14T10:02:23","date_gmt":"2024-10-14T15:02:23","guid":{"rendered":"https:\/\/elmercuriomanta.ec\/?p=29542"},"modified":"2024-10-14T10:02:23","modified_gmt":"2024-10-14T15:02:23","slug":"esta-es-la-importante-razon-para-que-los-esteros-fortalezca-su-identidad","status":"publish","type":"post","link":"https:\/\/elmercuriomanta.ec\/index.php\/2024\/10\/14\/esta-es-la-importante-razon-para-que-los-esteros-fortalezca-su-identidad\/","title":{"rendered":"ESTA ES LA IMPORTANTE RAZ\u00d3N PARA QUE LOS ESTEROS FORTALEZCA SU IDENTIDAD"},"content":{"rendered":"\n<figure class=\"wp-block-image aligncenter size-full is-resized\"><img fetchpriority=\"high\" decoding=\"async\" width=\"275\" height=\"183\" src=\"https:\/\/elmercuriomanta.ec\/wp-content\/uploads\/2024\/10\/image-179.png\" alt=\"\" class=\"wp-image-29545\" style=\"width:466px;height:auto\"\/><\/figure>\n\n\n\n<p>\u201cNuestros s\u00edmbolos deben ser nuestra identidad. Donde quiera que los veamos o escuchemos estar\u00e1 esto que hemos construido todos nosotros\u201d, enfatiz\u00f3 Ana Gilces, presidenta de la Federaci\u00f3n de Barrios de Los Esteros. Esto lo mencion\u00f3 en el lanzamiento del concurso p\u00fablico para definir el escudo, el himno y la bandera de esta parroquia urbana de Manta. Las propuestas podr\u00e1n presentarse del 14 de octubre al 15 de noviembre; luego, un jurado de expertos seleccionar\u00e1 a los ganadores, conforme a las bases. <\/p>\n\n\n\n<p>La concejala Lady Garc\u00eda, en su intervenci\u00f3n, resalt\u00f3 todo lo que a nivel productivo ha entregado Los Esteros a Manta. Afirm\u00f3, adem\u00e1s, que es el momento de enfatizar el conocimiento en las unidades educativas de los s\u00edmbolos c\u00edvicos que tienen nuestras parroquias, entre estas de Los Esteros que deben ser aprobadas por el Concejo Municipal. Las bases para participar en este concurso est\u00e1n colocadas en el portal institucional de la Alcald\u00eda de Manta.<\/p>\n","protected":false},"excerpt":{"rendered":"<p>\u201cNuestros s\u00edmbolos deben ser nuestra identidad. Donde quiera que los veamos o escuchemos estar\u00e1 esto que hemos construido todos nosotros\u201d, enfatiz\u00f3 Ana Gilces, presidenta de la Federaci\u00f3n de Barrios de Los Esteros. Esto lo mencion\u00f3 en el lanzamiento del concurso p\u00fablico para definir el escudo, el himno y la bandera de esta parroquia urbana de Manta. Las propuestas podr\u00e1n presentarse del 14 de octubre al 15 de noviembre; luego, un jurado de expertos seleccionar\u00e1 a los ganadores, conforme a las bases. <\/p>\n","protected":false},"author":14,"featured_media":29545,"comment_status":"open","ping_status":"open","sticky":false,"template":"","format":"standard","meta":{"footnotes":""},"categories":[21,83],"tags":[38],"class_list":["post-29542","post","type-post","status-publish","format-standard","has-post-thumbnail","hentry","category-noticia-del-dia","category-sucesos","tag-manta"],"_links":{"self":[{"href":"https:\/\/elmercuriomanta.ec\/index.php\/wp-json\/wp\/v2\/posts\/29542","targetHints":{"allow":["GET"]}}],"collection":[{"href":"https:\/\/elmercuriomanta.ec\/index.php\/wp-json\/wp\/v2\/posts"}],"about":[{"href":"https:\/\/elmercuriomanta.ec\/index.php\/wp-json\/wp\/v2\/types\/post"}],"author":[{"embeddable":true,"href":"https:\/\/elmercuriomanta.ec\/index.php\/wp-json\/wp\/v2\/users\/14"}],"replies":[{"embeddable":true,"href":"https:\/\/elmercuriomanta.ec\/index.php\/wp-json\/wp\/v2\/comments?post=29542"}],"version-history":[{"count":1,"href":"https:\/\/elmercuriomanta.ec\/index.php\/wp-json\/wp\/v2\/posts\/29542\/revisions"}],"predecessor-version":[{"id":29546,"href":"https:\/\/elmercuriomanta.ec\/index.php\/wp-json\/wp\/v2\/posts\/29542\/revisions\/29546"}],"wp:featuredmedia":[{"embeddable":true,"href":"https:\/\/elmercuriomanta.ec\/index.php\/wp-json\/wp\/v2\/media\/29545"}],"wp:attachment":[{"href":"https:\/\/elmercuriomanta.ec\/index.php\/wp-json\/wp\/v2\/media?parent=29542"}],"wp:term":[{"taxonomy":"category","embeddable":true,"href":"https:\/\/elmercuriomanta.ec\/index.php\/wp-json\/wp\/v2\/categories?post=29542"},{"taxonomy":"post_tag","embeddable":true,"href":"https:\/\/elmercuriomanta.ec\/index.php\/wp-json\/wp\/v2\/tags?post=29542"}],"curies":[{"name":"wp","href":"https:\/\/api.w.org\/{rel}","templated":true}]}}