{"id":29497,"date":"2024-10-13T11:00:50","date_gmt":"2024-10-13T16:00:50","guid":{"rendered":"https:\/\/elmercuriomanta.ec\/?p=29497"},"modified":"2024-10-13T11:00:50","modified_gmt":"2024-10-13T16:00:50","slug":"gobierno-contratara-160-megavatios-de-generacion-termica","status":"publish","type":"post","link":"https:\/\/elmercuriomanta.ec\/index.php\/2024\/10\/13\/gobierno-contratara-160-megavatios-de-generacion-termica\/","title":{"rendered":"Gobierno Contratar\u00e1 160 Megavatios de Generaci\u00f3n T\u00e9rmica"},"content":{"rendered":"\n<figure class=\"wp-block-image aligncenter size-full is-resized\"><img fetchpriority=\"high\" decoding=\"async\" width=\"500\" height=\"300\" src=\"https:\/\/elmercuriomanta.ec\/wp-content\/uploads\/2024\/10\/image-163.png\" alt=\"\" class=\"wp-image-29498\" style=\"width:467px;height:auto\" srcset=\"https:\/\/elmercuriomanta.ec\/wp-content\/uploads\/2024\/10\/image-163.png 500w, https:\/\/elmercuriomanta.ec\/wp-content\/uploads\/2024\/10\/image-163-300x180.png 300w\" sizes=\"(max-width: 500px) 100vw, 500px\" \/><\/figure>\n\n\n\n<p>El Gobierno de Ecuador inici\u00f3 el proceso de contrataci\u00f3n de 160 megavatios de generaci\u00f3n t\u00e9rmica en medio de la crisis energ\u00e9tica que atraviesa el pa\u00eds. As\u00ed lo anunci\u00f3 la Corporaci\u00f3n El\u00e9ctrica del Ecuador (CELEC EP) este s\u00e1bado 12 de octubre de 2024. EL Ministerio de Energ\u00eda y Minas y Celec comenzaron dos procesos de compras p\u00fablicas para integrar otros 160 megavatios de energ\u00eda al Sistema Nacional Interconectado. El primero corresponde a un proceso de adquisici\u00f3n, instalaci\u00f3n, comisionamiento y puesta en marcha de grupos electr\u00f3genos terrestres de 120 MW, en Dur\u00e1n.<\/p>\n\n\n\n<p>Es una nueva central t\u00e9rmica que se ubicar\u00e1 en el kil\u00f3metro 14 1\/2 de la v\u00eda Dur\u00e1n \u2013 Boliche, en Guayas. Esta funcionar\u00e1 con combustible HF04 y proporcionar\u00e1 energ\u00eda a trav\u00e9s de la subestaci\u00f3n Dur\u00e1n. Las propuestas para este proceso ser\u00e1n receptadas hasta el 13 de octubre. Luego de la revisi\u00f3n y selecci\u00f3n, se adjudicar\u00e1 el contrato. Un segundo proceso corresponde al alquiler de 40 megavatios adicionales para la central Machala II, en la provincia de El Oro. Estas ser\u00e1n unidades de 20 megavatios cada una que funcionar\u00e1n con di\u00e9sel o gas natural. El plazo para la entrega de propuestas vence el 16 de octubre.<\/p>\n","protected":false},"excerpt":{"rendered":"<p>El Gobierno de Ecuador inici\u00f3 el proceso de contrataci\u00f3n de 160 megavatios de generaci\u00f3n t\u00e9rmica en medio de la crisis energ\u00e9tica que atraviesa el pa\u00eds. As\u00ed lo anunci\u00f3 la Corporaci\u00f3n El\u00e9ctrica del Ecuador (CELEC EP) este s\u00e1bado 12 de octubre de 2024. EL Ministerio de Energ\u00eda y Minas y Celec comenzaron dos procesos de compras p\u00fablicas para integrar otros 160 megavatios de energ\u00eda al Sistema Nacional Interconectado. El primero corresponde a un proceso de adquisici\u00f3n, instalaci\u00f3n, comisionamiento y puesta en marcha de grupos electr\u00f3genos terrestres de 120 MW, en Dur\u00e1n.<\/p>\n<p>Es una nueva central t\u00e9rmica que se ubicar\u00e1 en el kil\u00f3metro 14 1\/2 de la v\u00eda Dur\u00e1n \u2013 Boliche, en Guayas. Esta funcionar\u00e1 con combustible HF04 y proporcionar\u00e1 energ\u00eda a trav\u00e9s de la subestaci\u00f3n Dur\u00e1n. Las propuestas para este proceso ser\u00e1n receptadas hasta el 13 de octubre. Luego de la revisi\u00f3n y selecci\u00f3n, se adjudicar\u00e1 el contrato. Un segundo proceso corresponde al alquiler de 40 megavatios adicionales para la central Machala II, en la provincia de El Oro. Estas ser\u00e1n unidades de 20 megavatios cada una que funcionar\u00e1n con di\u00e9sel o gas natural. El plazo para la entrega de propuestas vence el 16 de octubre.<\/p>\n","protected":false},"author":12,"featured_media":29498,"comment_status":"open","ping_status":"open","sticky":false,"template":"","format":"standard","meta":{"footnotes":""},"categories":[19],"tags":[23],"class_list":["post-29497","post","type-post","status-publish","format-standard","has-post-thumbnail","hentry","category-portada-1","tag-ecuador"],"_links":{"self":[{"href":"https:\/\/elmercuriomanta.ec\/index.php\/wp-json\/wp\/v2\/posts\/29497","targetHints":{"allow":["GET"]}}],"collection":[{"href":"https:\/\/elmercuriomanta.ec\/index.php\/wp-json\/wp\/v2\/posts"}],"about":[{"href":"https:\/\/elmercuriomanta.ec\/index.php\/wp-json\/wp\/v2\/types\/post"}],"author":[{"embeddable":true,"href":"https:\/\/elmercuriomanta.ec\/index.php\/wp-json\/wp\/v2\/users\/12"}],"replies":[{"embeddable":true,"href":"https:\/\/elmercuriomanta.ec\/index.php\/wp-json\/wp\/v2\/comments?post=29497"}],"version-history":[{"count":1,"href":"https:\/\/elmercuriomanta.ec\/index.php\/wp-json\/wp\/v2\/posts\/29497\/revisions"}],"predecessor-version":[{"id":29499,"href":"https:\/\/elmercuriomanta.ec\/index.php\/wp-json\/wp\/v2\/posts\/29497\/revisions\/29499"}],"wp:featuredmedia":[{"embeddable":true,"href":"https:\/\/elmercuriomanta.ec\/index.php\/wp-json\/wp\/v2\/media\/29498"}],"wp:attachment":[{"href":"https:\/\/elmercuriomanta.ec\/index.php\/wp-json\/wp\/v2\/media?parent=29497"}],"wp:term":[{"taxonomy":"category","embeddable":true,"href":"https:\/\/elmercuriomanta.ec\/index.php\/wp-json\/wp\/v2\/categories?post=29497"},{"taxonomy":"post_tag","embeddable":true,"href":"https:\/\/elmercuriomanta.ec\/index.php\/wp-json\/wp\/v2\/tags?post=29497"}],"curies":[{"name":"wp","href":"https:\/\/api.w.org\/{rel}","templated":true}]}}