{"id":29459,"date":"2024-10-12T13:37:18","date_gmt":"2024-10-12T18:37:18","guid":{"rendered":"https:\/\/elmercuriomanta.ec\/?p=29459"},"modified":"2024-10-12T13:37:18","modified_gmt":"2024-10-12T18:37:18","slug":"agente-penitenciario-fue-asesinado-a-tiros-en-medio-del-corte-de-energia-electrica","status":"publish","type":"post","link":"https:\/\/elmercuriomanta.ec\/index.php\/2024\/10\/12\/agente-penitenciario-fue-asesinado-a-tiros-en-medio-del-corte-de-energia-electrica\/","title":{"rendered":"Agente Penitenciario fue Asesinado a Tiros en Medio del Corte de Energ\u00eda El\u00e9ctrica"},"content":{"rendered":"\n<figure class=\"wp-block-image aligncenter size-full is-resized\"><img fetchpriority=\"high\" decoding=\"async\" width=\"670\" height=\"330\" src=\"https:\/\/elmercuriomanta.ec\/wp-content\/uploads\/2024\/10\/image-157.png\" alt=\"\" class=\"wp-image-29461\" style=\"width:486px;height:auto\" srcset=\"https:\/\/elmercuriomanta.ec\/wp-content\/uploads\/2024\/10\/image-157.png 670w, https:\/\/elmercuriomanta.ec\/wp-content\/uploads\/2024\/10\/image-157-300x148.png 300w\" sizes=\"(max-width: 670px) 100vw, 670px\" \/><\/figure>\n\n\n\n<figure class=\"wp-block-image aligncenter size-large is-resized\"><img decoding=\"async\" width=\"1024\" height=\"616\" src=\"https:\/\/elmercuriomanta.ec\/wp-content\/uploads\/2024\/10\/image-156-1024x616.png\" alt=\"\" class=\"wp-image-29460\" style=\"width:482px;height:auto\" srcset=\"https:\/\/elmercuriomanta.ec\/wp-content\/uploads\/2024\/10\/image-156-1024x616.png 1024w, https:\/\/elmercuriomanta.ec\/wp-content\/uploads\/2024\/10\/image-156-300x181.png 300w, https:\/\/elmercuriomanta.ec\/wp-content\/uploads\/2024\/10\/image-156-768x462.png 768w, https:\/\/elmercuriomanta.ec\/wp-content\/uploads\/2024\/10\/image-156.png 1170w\" sizes=\"(max-width: 1024px) 100vw, 1024px\" \/><\/figure>\n\n\n\n<p>Leonel Cede\u00f1o, un agente de seguridad penitenciaria de Manab\u00ed, fue asesinado cuando se movilizaba a bordo de un veh\u00edculo. Su cad\u00e1ver qued\u00f3 frente al volante. El hecho se registr\u00f3 la noche del jueves 10 de octubre en la calla Atanasio Santos, territorio de la ciudadela Primero de Mayo, de Portoviejo. Los pistoleros aprovecharon que esta zona estaba se encontraba sin fluido el\u00e9ctrico y ,en medio de la oscuridad, siguieron a su blanco selectivo y le descargaron al menos 5 tiros. Los vecinos al escuchar el estruendo de los tiros, salieron de sus hogares y se encontraron con la sangrienta y desgarradora escena.<\/p>\n\n\n\n<p>La muerte de Cede\u00f1o fue de contado. Los tiros fueron direccionados a su pecho y cabeza. Los atacantes usaron un arma de fuego calibre 9 mil\u00edmetros. LLEVABA UNIFORME Al momento del ataque armado, Leonel Cede\u00f1o, llevaba puesto el uniforme que usan los agentes de seguridad penitenciaria. Por tal motivo se presume que Cede\u00f1o probablemente sal\u00eda o acud\u00eda a cumplir sus labores en una de las c\u00e1rceles de la provincia de Manab\u00ed . Su cad\u00e1ver fue trasladado al Centro Forense de Manta para la necropsia de ley mientras contin\u00faan las investigaciones policiales.<\/p>\n","protected":false},"excerpt":{"rendered":"<p>Leonel Cede\u00f1o, un agente de seguridad penitenciaria de Manab\u00ed, fue asesinado cuando se movilizaba a bordo de un veh\u00edculo. Su cad\u00e1ver qued\u00f3 frente al volante. El hecho se registr\u00f3 la noche del jueves 10 de octubre en la calla Atanasio Santos, territorio de la ciudadela Primero de Mayo, de Portoviejo. Los pistoleros aprovecharon que esta zona estaba se encontraba sin fluido el\u00e9ctrico y ,en medio de la oscuridad, siguieron a su blanco selectivo y le descargaron al menos 5 tiros. Los vecinos al escuchar el estruendo de los tiros, salieron de sus hogares y se encontraron con la sangrienta y desgarradora escena.<\/p>\n","protected":false},"author":12,"featured_media":29460,"comment_status":"open","ping_status":"open","sticky":false,"template":"","format":"standard","meta":{"footnotes":""},"categories":[16],"tags":[],"class_list":["post-29459","post","type-post","status-publish","format-standard","has-post-thumbnail","hentry","category-cronica"],"_links":{"self":[{"href":"https:\/\/elmercuriomanta.ec\/index.php\/wp-json\/wp\/v2\/posts\/29459","targetHints":{"allow":["GET"]}}],"collection":[{"href":"https:\/\/elmercuriomanta.ec\/index.php\/wp-json\/wp\/v2\/posts"}],"about":[{"href":"https:\/\/elmercuriomanta.ec\/index.php\/wp-json\/wp\/v2\/types\/post"}],"author":[{"embeddable":true,"href":"https:\/\/elmercuriomanta.ec\/index.php\/wp-json\/wp\/v2\/users\/12"}],"replies":[{"embeddable":true,"href":"https:\/\/elmercuriomanta.ec\/index.php\/wp-json\/wp\/v2\/comments?post=29459"}],"version-history":[{"count":1,"href":"https:\/\/elmercuriomanta.ec\/index.php\/wp-json\/wp\/v2\/posts\/29459\/revisions"}],"predecessor-version":[{"id":29462,"href":"https:\/\/elmercuriomanta.ec\/index.php\/wp-json\/wp\/v2\/posts\/29459\/revisions\/29462"}],"wp:featuredmedia":[{"embeddable":true,"href":"https:\/\/elmercuriomanta.ec\/index.php\/wp-json\/wp\/v2\/media\/29460"}],"wp:attachment":[{"href":"https:\/\/elmercuriomanta.ec\/index.php\/wp-json\/wp\/v2\/media?parent=29459"}],"wp:term":[{"taxonomy":"category","embeddable":true,"href":"https:\/\/elmercuriomanta.ec\/index.php\/wp-json\/wp\/v2\/categories?post=29459"},{"taxonomy":"post_tag","embeddable":true,"href":"https:\/\/elmercuriomanta.ec\/index.php\/wp-json\/wp\/v2\/tags?post=29459"}],"curies":[{"name":"wp","href":"https:\/\/api.w.org\/{rel}","templated":true}]}}