{"id":29402,"date":"2024-10-11T09:38:35","date_gmt":"2024-10-11T14:38:35","guid":{"rendered":"https:\/\/elmercuriomanta.ec\/?p=29402"},"modified":"2024-10-11T09:38:35","modified_gmt":"2024-10-11T14:38:35","slug":"ministra-manzano-anuncia-proyectos-solares-e-hidroelectricos","status":"publish","type":"post","link":"https:\/\/elmercuriomanta.ec\/index.php\/2024\/10\/11\/ministra-manzano-anuncia-proyectos-solares-e-hidroelectricos\/","title":{"rendered":"Ministra Manzano Anuncia Proyectos Solares e Hidroel\u00e9ctricos"},"content":{"rendered":"\n<figure class=\"wp-block-image aligncenter size-full is-resized\"><img fetchpriority=\"high\" decoding=\"async\" width=\"640\" height=\"381\" src=\"https:\/\/elmercuriomanta.ec\/wp-content\/uploads\/2024\/10\/image-140.png\" alt=\"\" class=\"wp-image-29403\" style=\"width:418px;height:auto\" srcset=\"https:\/\/elmercuriomanta.ec\/wp-content\/uploads\/2024\/10\/image-140.png 640w, https:\/\/elmercuriomanta.ec\/wp-content\/uploads\/2024\/10\/image-140-300x179.png 300w\" sizes=\"(max-width: 640px) 100vw, 640px\" \/><\/figure>\n\n\n\n<p>La nueva ministra de Energ\u00eda (e) In\u00e9s Manzano deline\u00f3 las acciones que se tomar\u00e1n frente a la crisis energ\u00e9tica que atraviesa el pa\u00eds. Banecuador entregar\u00e1 cr\u00e9ditos para la compra de generadores de energ\u00eda y habr\u00e1 una rueda de prensa semanal para informar la situaci\u00f3n sobre el sector el\u00e9ctrico.<\/p>\n\n\n\n<p>\u201cLos objetivos ser\u00e1n transformar la matriz energ\u00e9tica abriendo las puertas a nuevas fuentes de energ\u00eda renovable no convencionales\u201d, dijo la Ministra respecto a las tareas que asumir\u00e1 al frente de la cartera de Estado. Ratific\u00f3 el anuncio sobre el arancel cero para la importaci\u00f3n de generadores de energ\u00eda: Sin embargo, tambi\u00e9n inform\u00f3 sobre una nueva medida: cr\u00e9ditos con tasa reducida para la compra de generadores. Los cr\u00e9ditos ser\u00e1n entregados por Banecuador y se podr\u00e1n solicitar para financiar el 100% de la compra de los generadores y tambi\u00e9n de paneles solares.<\/p>\n","protected":false},"excerpt":{"rendered":"<p>La nueva ministra de Energ\u00eda (e) In\u00e9s Manzano deline\u00f3 las acciones que se tomar\u00e1n frente a la crisis energ\u00e9tica que atraviesa el pa\u00eds. Banecuador entregar\u00e1 cr\u00e9ditos para la compra de generadores de energ\u00eda y habr\u00e1 una rueda de prensa semanal para informar la situaci\u00f3n sobre el sector el\u00e9ctrico.<\/p>\n<p>\u201cLos objetivos ser\u00e1n transformar la matriz energ\u00e9tica abriendo las puertas a nuevas fuentes de energ\u00eda renovable no convencionales\u201d, dijo la Ministra respecto a las tareas que asumir\u00e1 al frente de la cartera de Estado. Ratific\u00f3 el anuncio sobre el arancel cero para la importaci\u00f3n de generadores de energ\u00eda: Sin embargo, tambi\u00e9n inform\u00f3 sobre una nueva medida: cr\u00e9ditos con tasa reducida para la compra de generadores. Los cr\u00e9ditos ser\u00e1n entregados por Banecuador y se podr\u00e1n solicitar para financiar el 100% de la compra de los generadores y tambi\u00e9n de paneles solares.<\/p>\n","protected":false},"author":12,"featured_media":29403,"comment_status":"open","ping_status":"open","sticky":false,"template":"","format":"standard","meta":{"footnotes":""},"categories":[21],"tags":[23,29],"class_list":["post-29402","post","type-post","status-publish","format-standard","has-post-thumbnail","hentry","category-noticia-del-dia","tag-ecuador","tag-manabi"],"_links":{"self":[{"href":"https:\/\/elmercuriomanta.ec\/index.php\/wp-json\/wp\/v2\/posts\/29402","targetHints":{"allow":["GET"]}}],"collection":[{"href":"https:\/\/elmercuriomanta.ec\/index.php\/wp-json\/wp\/v2\/posts"}],"about":[{"href":"https:\/\/elmercuriomanta.ec\/index.php\/wp-json\/wp\/v2\/types\/post"}],"author":[{"embeddable":true,"href":"https:\/\/elmercuriomanta.ec\/index.php\/wp-json\/wp\/v2\/users\/12"}],"replies":[{"embeddable":true,"href":"https:\/\/elmercuriomanta.ec\/index.php\/wp-json\/wp\/v2\/comments?post=29402"}],"version-history":[{"count":1,"href":"https:\/\/elmercuriomanta.ec\/index.php\/wp-json\/wp\/v2\/posts\/29402\/revisions"}],"predecessor-version":[{"id":29404,"href":"https:\/\/elmercuriomanta.ec\/index.php\/wp-json\/wp\/v2\/posts\/29402\/revisions\/29404"}],"wp:featuredmedia":[{"embeddable":true,"href":"https:\/\/elmercuriomanta.ec\/index.php\/wp-json\/wp\/v2\/media\/29403"}],"wp:attachment":[{"href":"https:\/\/elmercuriomanta.ec\/index.php\/wp-json\/wp\/v2\/media?parent=29402"}],"wp:term":[{"taxonomy":"category","embeddable":true,"href":"https:\/\/elmercuriomanta.ec\/index.php\/wp-json\/wp\/v2\/categories?post=29402"},{"taxonomy":"post_tag","embeddable":true,"href":"https:\/\/elmercuriomanta.ec\/index.php\/wp-json\/wp\/v2\/tags?post=29402"}],"curies":[{"name":"wp","href":"https:\/\/api.w.org\/{rel}","templated":true}]}}