{"id":29347,"date":"2024-10-10T09:57:27","date_gmt":"2024-10-10T14:57:27","guid":{"rendered":"https:\/\/elmercuriomanta.ec\/?p=29347"},"modified":"2024-10-10T09:57:27","modified_gmt":"2024-10-10T14:57:27","slug":"la-historia-del-barrio-la-dolorosa-una-comunidad-espiritual","status":"publish","type":"post","link":"https:\/\/elmercuriomanta.ec\/index.php\/2024\/10\/10\/la-historia-del-barrio-la-dolorosa-una-comunidad-espiritual\/","title":{"rendered":"La Historia del Barrio \u00abLa Dolorosa\u00bb: Una Comunidad Espiritual"},"content":{"rendered":"\n<figure class=\"wp-block-image aligncenter size-full is-resized\"><img fetchpriority=\"high\" decoding=\"async\" width=\"945\" height=\"631\" src=\"https:\/\/elmercuriomanta.ec\/wp-content\/uploads\/2024\/10\/image-127.png\" alt=\"\" class=\"wp-image-29348\" style=\"width:309px;height:auto\" srcset=\"https:\/\/elmercuriomanta.ec\/wp-content\/uploads\/2024\/10\/image-127.png 945w, https:\/\/elmercuriomanta.ec\/wp-content\/uploads\/2024\/10\/image-127-300x200.png 300w, https:\/\/elmercuriomanta.ec\/wp-content\/uploads\/2024\/10\/image-127-768x513.png 768w\" sizes=\"(max-width: 945px) 100vw, 945px\" \/><\/figure>\n\n\n\n<p>La fundaci\u00f3n del barrio \u00abLa Dolorosa\u00bb comenz\u00f3 en 1951, bajo la direcci\u00f3n del padre Luis Hermida, entonces p\u00e1rroco de Manta. Con la aprobaci\u00f3n del obispo Gavilanes, Hermida adquiri\u00f3 un terreno por $20,000, destinado a la construcci\u00f3n de una capilla. El lugar, aunque inicialmente era un arenal abandonado, fue considerado ideal debido a su amplia vista hacia la ciudad y el mar.<\/p>\n\n\n\n<p>En abril de 1953, se fund\u00f3 la Congregaci\u00f3n de la Dolorosa de la Merced, la cual inici\u00f3 la recaudaci\u00f3n de fondos mediante una colecta en el mercado local. Un a\u00f1o despu\u00e9s, se llev\u00f3 a cabo la colocaci\u00f3n de la primera piedra en una ceremonia presidida por el padre Hermida, donde se realiz\u00f3 una misa campal que atrajo a numerosos fieles.<\/p>\n\n\n\n<p>El compromiso de la comunidad fue evidente: el Comit\u00e9 Pro-Templo de la Dolorosa, junto con la Congregaci\u00f3n de la Merced, se dedic\u00f3 a la construcci\u00f3n de la capilla, la cual se finaliz\u00f3 en 1964, en un contexto de creciente poblaci\u00f3n en la zona.<\/p>\n\n\n\n<p>&nbsp;Crecimiento y Desaf\u00edos Actuales<\/p>\n\n\n\n<p>Hoy, \u00abLa Dolorosa\u00bb es un n\u00facleo vital para m\u00e1s de 5,000 familias en el barrio, que ha crecido en paralelo a la iglesia. Los vecinos, como Jorge Flores, han visto la evoluci\u00f3n del sector y enfatizan en la importancia de la seguridad y el acceso a servicios b\u00e1sicos, como el agua potable. A pesar de los esfuerzos locales y la colaboraci\u00f3n con las autoridades, los problemas de seguridad y vandalismo persisten, afectando la calidad de vida en la comunidad.<\/p>\n\n\n\n<p>Mercedes Loor, otra residente, destaca la conexi\u00f3n de la comunidad con la figura de la Virgen Dolorosa, que ha sido un s\u00edmbolo de fe y unidad. Sin embargo, tambi\u00e9n se\u00f1ala la necesidad de retomar pr\u00e1cticas comunitarias que han ido desapareciendo con el tiempo.<\/p>\n\n\n\n<p>Sus moradores piden a las autoridades que no los abandonen y que les ayuden atendiendo sus necesidades primordiales de forma inmediata para poder asistir a misa y compartir de forma pac\u00edfica y tranquila.&nbsp;<\/p>\n","protected":false},"excerpt":{"rendered":"<p>La fundaci\u00f3n del barrio \u00abLa Dolorosa\u00bb comenz\u00f3 en 1951, bajo la direcci\u00f3n del padre Luis Hermida, entonces p\u00e1rroco de Manta. Con la aprobaci\u00f3n del obispo Gavilanes, Hermida adquiri\u00f3 un terreno por $20,000, destinado a la construcci\u00f3n de una capilla. El lugar, aunque inicialmente era un arenal abandonado, fue considerado ideal debido a su amplia vista hacia la ciudad y el mar.<\/p>\n","protected":false},"author":14,"featured_media":29348,"comment_status":"open","ping_status":"open","sticky":false,"template":"","format":"standard","meta":{"footnotes":""},"categories":[20,83],"tags":[87,86],"class_list":["post-29347","post","type-post","status-publish","format-standard","has-post-thumbnail","hentry","category-portada-2","category-sucesos","tag-el-mercurio-en-los-barrios","tag-en-tu-barrio"],"_links":{"self":[{"href":"https:\/\/elmercuriomanta.ec\/index.php\/wp-json\/wp\/v2\/posts\/29347","targetHints":{"allow":["GET"]}}],"collection":[{"href":"https:\/\/elmercuriomanta.ec\/index.php\/wp-json\/wp\/v2\/posts"}],"about":[{"href":"https:\/\/elmercuriomanta.ec\/index.php\/wp-json\/wp\/v2\/types\/post"}],"author":[{"embeddable":true,"href":"https:\/\/elmercuriomanta.ec\/index.php\/wp-json\/wp\/v2\/users\/14"}],"replies":[{"embeddable":true,"href":"https:\/\/elmercuriomanta.ec\/index.php\/wp-json\/wp\/v2\/comments?post=29347"}],"version-history":[{"count":1,"href":"https:\/\/elmercuriomanta.ec\/index.php\/wp-json\/wp\/v2\/posts\/29347\/revisions"}],"predecessor-version":[{"id":29349,"href":"https:\/\/elmercuriomanta.ec\/index.php\/wp-json\/wp\/v2\/posts\/29347\/revisions\/29349"}],"wp:featuredmedia":[{"embeddable":true,"href":"https:\/\/elmercuriomanta.ec\/index.php\/wp-json\/wp\/v2\/media\/29348"}],"wp:attachment":[{"href":"https:\/\/elmercuriomanta.ec\/index.php\/wp-json\/wp\/v2\/media?parent=29347"}],"wp:term":[{"taxonomy":"category","embeddable":true,"href":"https:\/\/elmercuriomanta.ec\/index.php\/wp-json\/wp\/v2\/categories?post=29347"},{"taxonomy":"post_tag","embeddable":true,"href":"https:\/\/elmercuriomanta.ec\/index.php\/wp-json\/wp\/v2\/tags?post=29347"}],"curies":[{"name":"wp","href":"https:\/\/api.w.org\/{rel}","templated":true}]}}