{"id":29332,"date":"2024-10-09T11:57:18","date_gmt":"2024-10-09T16:57:18","guid":{"rendered":"https:\/\/elmercuriomanta.ec\/?p=29332"},"modified":"2024-10-09T11:57:18","modified_gmt":"2024-10-09T16:57:18","slug":"periodistas-deportivos-se-vistieron-de-corto","status":"publish","type":"post","link":"https:\/\/elmercuriomanta.ec\/index.php\/2024\/10\/09\/periodistas-deportivos-se-vistieron-de-corto\/","title":{"rendered":"PERIODISTAS DEPORTIVOS SE VISTIERON DE CORTO"},"content":{"rendered":"\n<figure class=\"wp-block-image aligncenter size-full\"><img fetchpriority=\"high\" decoding=\"async\" width=\"556\" height=\"306\" src=\"https:\/\/elmercuriomanta.ec\/wp-content\/uploads\/2024\/10\/Captura-de-pantalla-2024-10-09-115502.png\" alt=\"\" class=\"wp-image-29333\" srcset=\"https:\/\/elmercuriomanta.ec\/wp-content\/uploads\/2024\/10\/Captura-de-pantalla-2024-10-09-115502.png 556w, https:\/\/elmercuriomanta.ec\/wp-content\/uploads\/2024\/10\/Captura-de-pantalla-2024-10-09-115502-300x165.png 300w\" sizes=\"(max-width: 556px) 100vw, 556px\" \/><\/figure>\n\n\n\n<p>Los periodistas deportivos de Manab\u00ed saltaron a la cancha para disputar el Campeonato Inter-Medios de Comunicaci\u00f3n 2024 en la presente edici\u00f3n, el cual est\u00e1 organizado por el C\u00edrculo de Periodistas Deportivos del Ecuador, extensi\u00f3n Manta. El campeonato lleva el nombre de la Ing. \u201cPatricia Zambrano\u201d y donde se disputa la Copa \u201cZampa Group\u201d, entregar\u00e1 trofeos, medallas y premios econ\u00f3micos. Se jugar\u00e1 de principio a fin en la cancha del Club Costa Murci\u00e9lago los domingos en horas de la ma\u00f1ana. Aliss Pierina Llerena, representante de Radio Contacto, fue electa como Se\u00f1orita Deportes de esta edici\u00f3n n\u00famero 22. Televisi\u00f3n Manabita fue elegido como el equipo mejor uniformado, por su parte el Lcdo. Jimmy Delgado del medio digital DIGICOM fue el encargado del juramento deportivo En la inauguraci\u00f3n estuvo presente el Lcdo. Walter Saltos Mu\u00f1oz, Presidente del C\u00edrculo de Periodistas Deportivos del Ecuador CPDE. Auro Palma, Presidente de los Periodistas Deportivos, mencion\u00f3 la importancia de realizar un evento digno y a la altura, bien organizado, promoviendo la pr\u00e1ctica del deporte entre los comunicadores, \u201clo hacemos con todo el cari\u00f1o, espero y se diviertan mucho\u201d, precis\u00f3. Equipos participantes&nbsp;<\/p>\n\n\n\n<p>1- Radio Contacto<\/p>\n\n\n\n<p>&nbsp;2- Radio Modelo<\/p>\n\n\n\n<p>&nbsp;3- Radio Capital&nbsp;<\/p>\n\n\n\n<p>4- E D I A S A&nbsp;<\/p>\n\n\n\n<p>5- Medio digital \u201cRuta Deportiva\u201d&nbsp;<\/p>\n\n\n\n<p>6- M e d i o digital \u201cDIGICOM\u201d<\/p>\n\n\n\n<p>&nbsp;7- Medio digital \u201cAlfaro Online\u201d<\/p>\n\n\n\n<p>&nbsp;8- Televisi\u00f3n Manabita<\/p>\n\n\n\n<p>&nbsp;9- Medio digital \u201cGlobal Digital\u201d<\/p>\n","protected":false},"excerpt":{"rendered":"<p>Los periodistas deportivos de Manab\u00ed saltaron a la cancha para disputar el Campeonato Inter-Medios de Comunicaci\u00f3n 2024 en la presente edici\u00f3n, el cual est\u00e1 organizado por el C\u00edrculo de Periodistas Deportivos del Ecuador, extensi\u00f3n Manta. <\/p>\n","protected":false},"author":12,"featured_media":29333,"comment_status":"open","ping_status":"open","sticky":false,"template":"","format":"standard","meta":{"footnotes":""},"categories":[1],"tags":[],"class_list":["post-29332","post","type-post","status-publish","format-standard","has-post-thumbnail","hentry","category-uncategorized"],"_links":{"self":[{"href":"https:\/\/elmercuriomanta.ec\/index.php\/wp-json\/wp\/v2\/posts\/29332","targetHints":{"allow":["GET"]}}],"collection":[{"href":"https:\/\/elmercuriomanta.ec\/index.php\/wp-json\/wp\/v2\/posts"}],"about":[{"href":"https:\/\/elmercuriomanta.ec\/index.php\/wp-json\/wp\/v2\/types\/post"}],"author":[{"embeddable":true,"href":"https:\/\/elmercuriomanta.ec\/index.php\/wp-json\/wp\/v2\/users\/12"}],"replies":[{"embeddable":true,"href":"https:\/\/elmercuriomanta.ec\/index.php\/wp-json\/wp\/v2\/comments?post=29332"}],"version-history":[{"count":1,"href":"https:\/\/elmercuriomanta.ec\/index.php\/wp-json\/wp\/v2\/posts\/29332\/revisions"}],"predecessor-version":[{"id":29334,"href":"https:\/\/elmercuriomanta.ec\/index.php\/wp-json\/wp\/v2\/posts\/29332\/revisions\/29334"}],"wp:featuredmedia":[{"embeddable":true,"href":"https:\/\/elmercuriomanta.ec\/index.php\/wp-json\/wp\/v2\/media\/29333"}],"wp:attachment":[{"href":"https:\/\/elmercuriomanta.ec\/index.php\/wp-json\/wp\/v2\/media?parent=29332"}],"wp:term":[{"taxonomy":"category","embeddable":true,"href":"https:\/\/elmercuriomanta.ec\/index.php\/wp-json\/wp\/v2\/categories?post=29332"},{"taxonomy":"post_tag","embeddable":true,"href":"https:\/\/elmercuriomanta.ec\/index.php\/wp-json\/wp\/v2\/tags?post=29332"}],"curies":[{"name":"wp","href":"https:\/\/api.w.org\/{rel}","templated":true}]}}