{"id":29296,"date":"2024-10-09T09:29:45","date_gmt":"2024-10-09T14:29:45","guid":{"rendered":"https:\/\/elmercuriomanta.ec\/?p=29296"},"modified":"2024-10-09T09:29:45","modified_gmt":"2024-10-09T14:29:45","slug":"junta-provincial-electoral-de-manabi-califica-13-candidaturas","status":"publish","type":"post","link":"https:\/\/elmercuriomanta.ec\/index.php\/2024\/10\/09\/junta-provincial-electoral-de-manabi-califica-13-candidaturas\/","title":{"rendered":"Junta Provincial Electoral de Manab\u00ed califica 13 candidaturas"},"content":{"rendered":"\n<figure class=\"wp-block-image aligncenter size-full is-resized\"><img fetchpriority=\"high\" decoding=\"async\" width=\"768\" height=\"512\" src=\"https:\/\/elmercuriomanta.ec\/wp-content\/uploads\/2024\/10\/image-116.png\" alt=\"\" class=\"wp-image-29297\" style=\"width:228px;height:auto\" srcset=\"https:\/\/elmercuriomanta.ec\/wp-content\/uploads\/2024\/10\/image-116.png 768w, https:\/\/elmercuriomanta.ec\/wp-content\/uploads\/2024\/10\/image-116-300x200.png 300w\" sizes=\"(max-width: 768px) 100vw, 768px\" \/><\/figure>\n\n\n\n<p>La Junta Provincial Electoral de Manab\u00ed ha calificado 13 candidaturas para las pr\u00f3ximas Elecciones Generales que se llevar\u00e1n a cabo el 9 de febrero de 2025, as\u00ed lo inform\u00f3 el Consejo Nacional Electoral (CNE). Esta decisi\u00f3n se tom\u00f3 tras la revisi\u00f3n de los informes t\u00e9cnico-jur\u00eddicos con corte al 6 de octubre, indic\u00f3 el informe.&nbsp;<\/p>\n\n\n\n<p>En la provincia, se inscribieron un total de 31 candidaturas a trav\u00e9s del sistema del Consejo Nacional Electoral (CNE). De estas, 14 corresponden a la circunscripci\u00f3n 1 y 17 a la circunscripci\u00f3n 2. La Delegaci\u00f3n del CNE en Manab\u00ed contin\u00faa trabajando en la entrega de los informes restantes para que la Junta Provincial Electoral finalice el proceso y garantice la participaci\u00f3n de todos los actores pol\u00edticos en los comicios.<\/p>\n","protected":false},"excerpt":{"rendered":"<p>La Junta Provincial Electoral de Manab\u00ed ha calificado 13 candidaturas para las pr\u00f3ximas Elecciones Generales que se llevar\u00e1n a cabo el 9 de febrero de 2025, as\u00ed lo inform\u00f3 el Consejo Nacional Electoral (CNE). Esta decisi\u00f3n se tom\u00f3 tras la revisi\u00f3n de los informes t\u00e9cnico-jur\u00eddicos con corte al 6 de octubre, indic\u00f3 el informe.\u00a0<\/p>\n","protected":false},"author":14,"featured_media":29297,"comment_status":"open","ping_status":"open","sticky":false,"template":"","format":"standard","meta":{"footnotes":""},"categories":[20,83],"tags":[23],"class_list":["post-29296","post","type-post","status-publish","format-standard","has-post-thumbnail","hentry","category-portada-2","category-sucesos","tag-ecuador"],"_links":{"self":[{"href":"https:\/\/elmercuriomanta.ec\/index.php\/wp-json\/wp\/v2\/posts\/29296","targetHints":{"allow":["GET"]}}],"collection":[{"href":"https:\/\/elmercuriomanta.ec\/index.php\/wp-json\/wp\/v2\/posts"}],"about":[{"href":"https:\/\/elmercuriomanta.ec\/index.php\/wp-json\/wp\/v2\/types\/post"}],"author":[{"embeddable":true,"href":"https:\/\/elmercuriomanta.ec\/index.php\/wp-json\/wp\/v2\/users\/14"}],"replies":[{"embeddable":true,"href":"https:\/\/elmercuriomanta.ec\/index.php\/wp-json\/wp\/v2\/comments?post=29296"}],"version-history":[{"count":1,"href":"https:\/\/elmercuriomanta.ec\/index.php\/wp-json\/wp\/v2\/posts\/29296\/revisions"}],"predecessor-version":[{"id":29298,"href":"https:\/\/elmercuriomanta.ec\/index.php\/wp-json\/wp\/v2\/posts\/29296\/revisions\/29298"}],"wp:featuredmedia":[{"embeddable":true,"href":"https:\/\/elmercuriomanta.ec\/index.php\/wp-json\/wp\/v2\/media\/29297"}],"wp:attachment":[{"href":"https:\/\/elmercuriomanta.ec\/index.php\/wp-json\/wp\/v2\/media?parent=29296"}],"wp:term":[{"taxonomy":"category","embeddable":true,"href":"https:\/\/elmercuriomanta.ec\/index.php\/wp-json\/wp\/v2\/categories?post=29296"},{"taxonomy":"post_tag","embeddable":true,"href":"https:\/\/elmercuriomanta.ec\/index.php\/wp-json\/wp\/v2\/tags?post=29296"}],"curies":[{"name":"wp","href":"https:\/\/api.w.org\/{rel}","templated":true}]}}