{"id":29290,"date":"2024-10-09T09:25:08","date_gmt":"2024-10-09T14:25:08","guid":{"rendered":"https:\/\/elmercuriomanta.ec\/?p=29290"},"modified":"2024-10-09T09:25:08","modified_gmt":"2024-10-09T14:25:08","slug":"ecuador-conmemora-la-independencia-de-guayaquil-con-un-feriado-nacional-el-11-de-octubre","status":"publish","type":"post","link":"https:\/\/elmercuriomanta.ec\/index.php\/2024\/10\/09\/ecuador-conmemora-la-independencia-de-guayaquil-con-un-feriado-nacional-el-11-de-octubre\/","title":{"rendered":"Ecuador conmemora la independencia de Guayaquil con un feriado nacional el 11 de octubre"},"content":{"rendered":"\n<figure class=\"wp-block-image aligncenter size-full\"><img fetchpriority=\"high\" decoding=\"async\" width=\"300\" height=\"169\" src=\"https:\/\/elmercuriomanta.ec\/wp-content\/uploads\/2024\/10\/image-114.png\" alt=\"\" class=\"wp-image-29291\"\/><\/figure>\n\n\n\n<p>Este viernes 11 de octubre, Ecuador celebrar\u00e1 un feriado nacional trasladado en honor a la independencia de Guayaquil, que originalmente se conmemora el 9 de octubre. Este a\u00f1o marca el 204 aniversario de la liberaci\u00f3n de la ciudad, un evento de gran importancia hist\u00f3rica.<\/p>\n\n\n\n<p>&nbsp;La Ley de Feriados vigente en el pa\u00eds permite que, cuando una fecha conmemorativa cae entre semana, el d\u00eda de descanso se mueva al viernes para formar un fin de semana largo. As\u00ed, el feriado se disfrutar\u00e1 del 11 al 13 de octubre de 2024.&nbsp;<\/p>\n\n\n\n<p>Las celebraciones incluyen actos c\u00edvicos en Guayaquil, como la Aurora Gloriosa y la Sesi\u00f3n Solemne, que recordar\u00e1n el esfuerzo por la independencia. Es una oportunidad para que los ecuatorianos puedan viajar, disfrutar de eventos locales y reactivar el turismo en varias provincias del pa\u00eds.<\/p>\n","protected":false},"excerpt":{"rendered":"<p>Este viernes 11 de octubre, Ecuador celebrar\u00e1 un feriado nacional trasladado en honor a la independencia de Guayaquil, que originalmente se conmemora el 9 de octubre. Este a\u00f1o marca el 204 aniversario de la liberaci\u00f3n de la ciudad, un evento de gran importancia hist\u00f3rica.<\/p>\n","protected":false},"author":14,"featured_media":29291,"comment_status":"open","ping_status":"open","sticky":false,"template":"","format":"standard","meta":{"footnotes":""},"categories":[19,83],"tags":[23],"class_list":["post-29290","post","type-post","status-publish","format-standard","has-post-thumbnail","hentry","category-portada-1","category-sucesos","tag-ecuador"],"_links":{"self":[{"href":"https:\/\/elmercuriomanta.ec\/index.php\/wp-json\/wp\/v2\/posts\/29290","targetHints":{"allow":["GET"]}}],"collection":[{"href":"https:\/\/elmercuriomanta.ec\/index.php\/wp-json\/wp\/v2\/posts"}],"about":[{"href":"https:\/\/elmercuriomanta.ec\/index.php\/wp-json\/wp\/v2\/types\/post"}],"author":[{"embeddable":true,"href":"https:\/\/elmercuriomanta.ec\/index.php\/wp-json\/wp\/v2\/users\/14"}],"replies":[{"embeddable":true,"href":"https:\/\/elmercuriomanta.ec\/index.php\/wp-json\/wp\/v2\/comments?post=29290"}],"version-history":[{"count":1,"href":"https:\/\/elmercuriomanta.ec\/index.php\/wp-json\/wp\/v2\/posts\/29290\/revisions"}],"predecessor-version":[{"id":29292,"href":"https:\/\/elmercuriomanta.ec\/index.php\/wp-json\/wp\/v2\/posts\/29290\/revisions\/29292"}],"wp:featuredmedia":[{"embeddable":true,"href":"https:\/\/elmercuriomanta.ec\/index.php\/wp-json\/wp\/v2\/media\/29291"}],"wp:attachment":[{"href":"https:\/\/elmercuriomanta.ec\/index.php\/wp-json\/wp\/v2\/media?parent=29290"}],"wp:term":[{"taxonomy":"category","embeddable":true,"href":"https:\/\/elmercuriomanta.ec\/index.php\/wp-json\/wp\/v2\/categories?post=29290"},{"taxonomy":"post_tag","embeddable":true,"href":"https:\/\/elmercuriomanta.ec\/index.php\/wp-json\/wp\/v2\/tags?post=29290"}],"curies":[{"name":"wp","href":"https:\/\/api.w.org\/{rel}","templated":true}]}}