{"id":29217,"date":"2024-10-07T18:10:17","date_gmt":"2024-10-07T23:10:17","guid":{"rendered":"https:\/\/elmercuriomanta.ec\/?p=29217"},"modified":"2024-10-07T18:10:19","modified_gmt":"2024-10-07T23:10:19","slug":"advierten-de-posible-desabastecimiento-de-productos","status":"publish","type":"post","link":"https:\/\/elmercuriomanta.ec\/index.php\/2024\/10\/07\/advierten-de-posible-desabastecimiento-de-productos\/","title":{"rendered":"Advierten de posible desabastecimiento de productos"},"content":{"rendered":"\n<figure class=\"wp-block-image aligncenter size-full is-resized\"><img fetchpriority=\"high\" decoding=\"async\" width=\"750\" height=\"440\" src=\"https:\/\/elmercuriomanta.ec\/wp-content\/uploads\/2024\/10\/image-99.png\" alt=\"\" class=\"wp-image-29218\" style=\"width:393px;height:auto\" srcset=\"https:\/\/elmercuriomanta.ec\/wp-content\/uploads\/2024\/10\/image-99.png 750w, https:\/\/elmercuriomanta.ec\/wp-content\/uploads\/2024\/10\/image-99-300x176.png 300w\" sizes=\"(max-width: 750px) 100vw, 750px\" \/><\/figure>\n\n\n\n<p> Tras la disposici\u00f3n emitida por el<a href=\"https:\/\/www.eldiario.ec\/actualidad\/colombia-deja-de-venderle-temporalmente-electricidad-a-ecuador\/\"><strong> Operador Nacional de Electricidad <\/strong><\/a>(Cenace), que dejar\u00eda gran parte del tiempo sin energ\u00eda el\u00e9ctrica al sector productivo, el\u00a0 Comit\u00e9 Empresarial Ecuatoriano \u00a0se pronunci\u00f3 y pidi\u00f3 al Gobierno que organice de una mejor manera el <a href=\"https:\/\/www.eldiario.ec\/actualidad\/cortes-de-luz-en-ecuador-desde-este-lunes-7-de-octubre\/\"><strong>racionamiento de energ\u00eda el\u00e9ctrica<\/strong><\/a>, advierte que puede haber escasez de productos. <br><\/p>\n\n\n\n<p>Seg\u00fan los productores, estar\u00edan sin energ\u00eda el\u00e9ctrica por periodos de hasta diez horas.<\/p>\n\n\n\n<p>Mar\u00eda Plaza Jervis, miembro del Comit\u00e9 Empresarial Ecuatoriano, exhort\u00f3 al Gobierno a organizarse de una mejor manera. La dirigente empresarial cit\u00f3 el ejemplo de la pandemia, enfatizando que durante el periodo de vacunaci\u00f3n el sector productivo se organiz\u00f3 y todos pudieron trabajar.<\/p>\n\n\n\n<p>Por su parte, Francisco Jarr\u00edn declar\u00f3 que las actividades del sector productivo dependen del servicio de energ\u00eda el\u00e9ctrica.<\/p>\n\n\n\n<p>\u00c9l, quien tambi\u00e9n es parte del Comit\u00e9 Empresarial Ecuatoriano y presidente de la C\u00e1mara de Industrias de Producci\u00f3n, sostuvo que los horarios de desconexiones perjudican la cadena productiva.<\/p>\n\n\n\n<p>Tras lo expuesto, sostuvo que est\u00e1 en riesgo el abastecimiento de productos en el mercado por los apagones. Jarr\u00edn expres\u00f3 que la cadena productiva necesita sostenerse y que actualmente hay&nbsp;<a href=\"https:\/\/www.eldiario.ec\/actualidad\/ecuador\/sector-productivo-presenta-perdidas-de-25-millones-de-dolares-diarios-por-apagones\/\"><strong><mark>p\u00e9rdidas en el sector.<\/mark><\/strong><\/a><\/p>\n\n\n\n<p><a href=\"https:\/\/api.whatsapp.com\/send?text=Comit%C3%A9%20Empresarial%20Ecuatoriano%20advierte%20sobre%20posible%20desabastecimiento%20de%20productos%20https%3A%2F%2Fwww.eldiario.ec%2Factualidad%2Fcomite-empresarial-ecuatoriano-advierte-sobre-desabastecimiento-de-productos%2F\" rel=\"noreferrer noopener\" target=\"_blank\"><\/a><a href=\"https:\/\/www.facebook.com\/sharer\/sharer.php?u=https%3A%2F%2Fwww.eldiario.ec%2Factualidad%2Fcomite-empresarial-ecuatoriano-advierte-sobre-desabastecimiento-de-productos%2F\" rel=\"noreferrer noopener\" target=\"_blank\"><\/a><a href=\"https:\/\/twitter.com\/intent\/tweet?text=Comit%C3%A9%20Empresarial%20Ecuatoriano%20advierte%20sobre%20posible%20desabastecimiento%20de%20productos&amp;url=https%3A%2F%2Fwww.eldiario.ec%2Factualidad%2Fcomite-empresarial-ecuatoriano-advierte-sobre-desabastecimiento-de-productos%2F\" rel=\"noreferrer noopener\" target=\"_blank\"><\/a><a href=\"http:\/\/reddit.com\/submit?url=https%3A%2F%2Fwww.eldiario.ec%2Factualidad%2Fcomite-empresarial-ecuatoriano-advierte-sobre-desabastecimiento-de-productos%2F&amp;title=Comit%C3%A9%20Empresarial%20Ecuatoriano%20advierte%20sobre%20posible%20desabastecimiento%20de%20productos\" rel=\"noreferrer noopener\" target=\"_blank\"><\/a><a href=\"https:\/\/www.linkedin.com\/sharing\/share-offsite\/?url=https%3A%2F%2Fwww.eldiario.ec%2Factualidad%2Fcomite-empresarial-ecuatoriano-advierte-sobre-desabastecimiento-de-productos%2F\" rel=\"noreferrer noopener\" target=\"_blank\"><\/a><a href=\"https:\/\/www.eldiario.ec\/actualidad\/comite-empresarial-ecuatoriano-advierte-sobre-desabastecimiento-de-productos\/\"><\/a><a href=\"https:\/\/www.eldiario.ec\/actualidad\/comite-empresarial-ecuatoriano-advierte-sobre-desabastecimiento-de-productos\/\"><\/a><\/p>\n","protected":false},"excerpt":{"rendered":"<p>Tras la disposici\u00f3n emitida por el Operador Nacional de Electricidad (Cenace), que dejar\u00eda gran parte del tiempo sin energ\u00eda el\u00e9ctrica al sector productivo, el\u00a0 Comit\u00e9 Empresarial Ecuatoriano \u00a0se pronunci\u00f3 y pidi\u00f3 al Gobierno que organice de una mejor manera el racionamiento de energ\u00eda el\u00e9ctrica, advierte que puede haber escasez de productos. <\/p>\n","protected":false},"author":1,"featured_media":29218,"comment_status":"open","ping_status":"open","sticky":false,"template":"","format":"standard","meta":{"footnotes":""},"categories":[20,83],"tags":[23],"class_list":["post-29217","post","type-post","status-publish","format-standard","has-post-thumbnail","hentry","category-portada-2","category-sucesos","tag-ecuador"],"_links":{"self":[{"href":"https:\/\/elmercuriomanta.ec\/index.php\/wp-json\/wp\/v2\/posts\/29217","targetHints":{"allow":["GET"]}}],"collection":[{"href":"https:\/\/elmercuriomanta.ec\/index.php\/wp-json\/wp\/v2\/posts"}],"about":[{"href":"https:\/\/elmercuriomanta.ec\/index.php\/wp-json\/wp\/v2\/types\/post"}],"author":[{"embeddable":true,"href":"https:\/\/elmercuriomanta.ec\/index.php\/wp-json\/wp\/v2\/users\/1"}],"replies":[{"embeddable":true,"href":"https:\/\/elmercuriomanta.ec\/index.php\/wp-json\/wp\/v2\/comments?post=29217"}],"version-history":[{"count":1,"href":"https:\/\/elmercuriomanta.ec\/index.php\/wp-json\/wp\/v2\/posts\/29217\/revisions"}],"predecessor-version":[{"id":29219,"href":"https:\/\/elmercuriomanta.ec\/index.php\/wp-json\/wp\/v2\/posts\/29217\/revisions\/29219"}],"wp:featuredmedia":[{"embeddable":true,"href":"https:\/\/elmercuriomanta.ec\/index.php\/wp-json\/wp\/v2\/media\/29218"}],"wp:attachment":[{"href":"https:\/\/elmercuriomanta.ec\/index.php\/wp-json\/wp\/v2\/media?parent=29217"}],"wp:term":[{"taxonomy":"category","embeddable":true,"href":"https:\/\/elmercuriomanta.ec\/index.php\/wp-json\/wp\/v2\/categories?post=29217"},{"taxonomy":"post_tag","embeddable":true,"href":"https:\/\/elmercuriomanta.ec\/index.php\/wp-json\/wp\/v2\/tags?post=29217"}],"curies":[{"name":"wp","href":"https:\/\/api.w.org\/{rel}","templated":true}]}}