{"id":29187,"date":"2024-10-07T10:07:43","date_gmt":"2024-10-07T15:07:43","guid":{"rendered":"https:\/\/elmercuriomanta.ec\/?p=29187"},"modified":"2024-10-07T10:07:45","modified_gmt":"2024-10-07T15:07:45","slug":"rio-negro-alcanza-el-nivel-mas-bajo-de-su-historia-en-la-cuenca-del-amazonas","status":"publish","type":"post","link":"https:\/\/elmercuriomanta.ec\/index.php\/2024\/10\/07\/rio-negro-alcanza-el-nivel-mas-bajo-de-su-historia-en-la-cuenca-del-amazonas\/","title":{"rendered":"R\u00edo Negro alcanza el nivel m\u00e1s bajo de su historia en la Cuenca del Amazonas"},"content":{"rendered":"\n<figure class=\"wp-block-image aligncenter size-large is-resized\"><img fetchpriority=\"high\" decoding=\"async\" width=\"1024\" height=\"691\" src=\"https:\/\/elmercuriomanta.ec\/wp-content\/uploads\/2024\/10\/image-91-1024x691.png\" alt=\"\" class=\"wp-image-29188\" style=\"width:275px;height:auto\" srcset=\"https:\/\/elmercuriomanta.ec\/wp-content\/uploads\/2024\/10\/image-91-1024x691.png 1024w, https:\/\/elmercuriomanta.ec\/wp-content\/uploads\/2024\/10\/image-91-300x203.png 300w, https:\/\/elmercuriomanta.ec\/wp-content\/uploads\/2024\/10\/image-91-768x518.png 768w, https:\/\/elmercuriomanta.ec\/wp-content\/uploads\/2024\/10\/image-91.png 1200w\" sizes=\"(max-width: 1024px) 100vw, 1024px\" \/><\/figure>\n\n\n\n<p>El r\u00edo Negro, el m\u00e1s extenso en la cuenca del Amazonas, ha alcanzado su nivel m\u00e1s bajo en 122 a\u00f1os, seg\u00fan inform\u00f3 el Servicio Geol\u00f3gico de Brasil. Este viernes, el r\u00edo marc\u00f3 un nivel de 12,66 metros, la cifra m\u00e1s baja desde que comenzaron los monitoreos en 1902.<\/p>\n\n\n\n<p>&nbsp;Las proyecciones indican que el nivel podr\u00eda seguir descendiendo en los pr\u00f3ximos d\u00edas, lo que plantea un desaf\u00edo para las comunidades locales y el ecosistema. Seg\u00fan el gerente de Hidrolog\u00eda, Andr\u00e9 Martinelli, el descenso del nivel del agua continuar\u00e1 durante todo octubre, aunque la velocidad de reducci\u00f3n disminuy\u00f3 en los \u00faltimos d\u00edas. Se ha pasado de un descenso de 23 cm diarios a 14 cm y finalmente 11 cm este viernes 4 de octubre.<\/p>\n\n\n\n<p>&nbsp;La situaci\u00f3n pone de manifiesto el impacto prolongado de la sequ\u00eda en la regi\u00f3n, que afecta a m\u00e1s de medio mill\u00f3n de personas. La cuenca del Amazonas, que es vital para el equilibrio clim\u00e1tico global, se encuentra en una crisis debido a la sequ\u00eda extrema. Adem\u00e1s de la disminuci\u00f3n en los niveles de agua, la regi\u00f3n enfrenta incendios forestales y emergencias ambientales, particularmente en Per\u00fa, donde los departamentos de Amazonas, San Mart\u00edn y Ucayali han sido declarados en emergencia.<\/p>\n\n\n\n<p><\/p>\n","protected":false},"excerpt":{"rendered":"<p>El r\u00edo Negro, el m\u00e1s extenso en la cuenca del Amazonas, ha alcanzado su nivel m\u00e1s bajo en 122 a\u00f1os, seg\u00fan inform\u00f3 el Servicio Geol\u00f3gico de Brasil. Este viernes, el r\u00edo marc\u00f3 un nivel de 12,66 metros, la cifra m\u00e1s baja desde que comenzaron los monitoreos en 1902.<\/p>\n","protected":false},"author":1,"featured_media":29188,"comment_status":"open","ping_status":"open","sticky":false,"template":"","format":"standard","meta":{"footnotes":""},"categories":[8],"tags":[42],"class_list":["post-29187","post","type-post","status-publish","format-standard","has-post-thumbnail","hentry","category-internacional","tag-internacional"],"_links":{"self":[{"href":"https:\/\/elmercuriomanta.ec\/index.php\/wp-json\/wp\/v2\/posts\/29187","targetHints":{"allow":["GET"]}}],"collection":[{"href":"https:\/\/elmercuriomanta.ec\/index.php\/wp-json\/wp\/v2\/posts"}],"about":[{"href":"https:\/\/elmercuriomanta.ec\/index.php\/wp-json\/wp\/v2\/types\/post"}],"author":[{"embeddable":true,"href":"https:\/\/elmercuriomanta.ec\/index.php\/wp-json\/wp\/v2\/users\/1"}],"replies":[{"embeddable":true,"href":"https:\/\/elmercuriomanta.ec\/index.php\/wp-json\/wp\/v2\/comments?post=29187"}],"version-history":[{"count":1,"href":"https:\/\/elmercuriomanta.ec\/index.php\/wp-json\/wp\/v2\/posts\/29187\/revisions"}],"predecessor-version":[{"id":29189,"href":"https:\/\/elmercuriomanta.ec\/index.php\/wp-json\/wp\/v2\/posts\/29187\/revisions\/29189"}],"wp:featuredmedia":[{"embeddable":true,"href":"https:\/\/elmercuriomanta.ec\/index.php\/wp-json\/wp\/v2\/media\/29188"}],"wp:attachment":[{"href":"https:\/\/elmercuriomanta.ec\/index.php\/wp-json\/wp\/v2\/media?parent=29187"}],"wp:term":[{"taxonomy":"category","embeddable":true,"href":"https:\/\/elmercuriomanta.ec\/index.php\/wp-json\/wp\/v2\/categories?post=29187"},{"taxonomy":"post_tag","embeddable":true,"href":"https:\/\/elmercuriomanta.ec\/index.php\/wp-json\/wp\/v2\/tags?post=29187"}],"curies":[{"name":"wp","href":"https:\/\/api.w.org\/{rel}","templated":true}]}}