{"id":29180,"date":"2024-10-07T10:01:44","date_gmt":"2024-10-07T15:01:44","guid":{"rendered":"https:\/\/elmercuriomanta.ec\/?p=29180"},"modified":"2024-10-07T10:01:46","modified_gmt":"2024-10-07T15:01:46","slug":"el-caudal-del-embalse-de-mazar-ha-caido-por-dos-dias-seguidos","status":"publish","type":"post","link":"https:\/\/elmercuriomanta.ec\/index.php\/2024\/10\/07\/el-caudal-del-embalse-de-mazar-ha-caido-por-dos-dias-seguidos\/","title":{"rendered":"El Caudal del Embalse de Mazar ha ca\u00eddo por dos d\u00edas seguidos\u00a0"},"content":{"rendered":"\n<figure class=\"wp-block-image aligncenter size-large is-resized\"><img fetchpriority=\"high\" decoding=\"async\" width=\"1024\" height=\"683\" src=\"https:\/\/elmercuriomanta.ec\/wp-content\/uploads\/2024\/10\/image-89-1024x683.png\" alt=\"\" class=\"wp-image-29181\" style=\"width:401px;height:auto\" srcset=\"https:\/\/elmercuriomanta.ec\/wp-content\/uploads\/2024\/10\/image-89-1024x683.png 1024w, https:\/\/elmercuriomanta.ec\/wp-content\/uploads\/2024\/10\/image-89-300x200.png 300w, https:\/\/elmercuriomanta.ec\/wp-content\/uploads\/2024\/10\/image-89-768x512.png 768w, https:\/\/elmercuriomanta.ec\/wp-content\/uploads\/2024\/10\/image-89.png 1200w\" sizes=\"(max-width: 1024px) 100vw, 1024px\" \/><\/figure>\n\n\n\n<p>El nivel del embalse de Mazar cae continuamente desde hace dos d\u00edas, pese a la vigencia del calendario de racionamientos de electricidad, que incluye los cortes de 10 horas continuas para el sector industrial. La reducci\u00f3n de caudal del r\u00edo Paute, debido a la falta de lluvias, es uno de los factores que incide en que ese embalse se acerque nuevamente a su nivel cr\u00edtico.&nbsp;<\/p>\n\n\n\n<p>El jueves, el agua alcanz\u00f3 una altura de 2119 metros sobre el nivel del mar. Le tom\u00f3 ocho d\u00edas subir tres metros y llegar a ese nivel gracias a un corto periodo de lluvias en el Austro y los apagones programados. Sin embargo, la situaci\u00f3n cambi\u00f3 desde el 3 de octubre cuando el agua empez\u00f3 a bajar. Hasta el medio d\u00eda de este domingo se ubic\u00f3 en 2 117 metros, solo a un metro por encima del nivel cr\u00edtico. La reducci\u00f3n del embalse coincide con tres d\u00edas en que la hidroel\u00e9ctrica Mazar empez\u00f3 a generar energ\u00eda al 70 % de su capacidad.<\/p>\n\n\n\n<p>&nbsp;La semana previa esa central hab\u00eda permanecido apagada la mayor parte del tiempo para preservar el agua. La electricidad que ha entregado esa planta ha servido para compensar la reducci\u00f3n de la producci\u00f3n de Coca Codo Sinclair, la hidroel\u00e9ctrica m\u00e1s grande del pa\u00eds ubicada en Napo, que es afectada tambi\u00e9n por la sequ\u00eda del r\u00edo Coca. Los caudales de ese r\u00edo caen sostenidamente y este domingo alcanz\u00f3 115 metros c\u00fabicos por segundo, pero la hidroel\u00e9ctrica requiere al menos 222 metros c\u00fabicos por segundo para funcionar en condiciones \u00f3ptimas.&nbsp;<\/p>\n\n\n\n<p>Por eso, de un promedio de 800 megavatios que estaba generando, baj\u00f3 a 500 megavatios. Los nuevos horarios de apagones est\u00e1n vigentes desde el viernes con cortes de hasta seis horas diarias, y ya no las ocho horas y media diarias en promedio de apagones que estuvieron vigentes hasta el jueves. La medida puso presi\u00f3n adicional a las hidroel\u00e9ctricas porque el consumo nacional de electricidad aument\u00f3 en algo m\u00e1s del 6 %.<\/p>\n","protected":false},"excerpt":{"rendered":"<p>El nivel del embalse de Mazar cae continuamente desde hace dos d\u00edas, pese a la vigencia del calendario de racionamientos de electricidad, que incluye los cortes de 10 horas continuas para el sector industrial. La reducci\u00f3n de caudal del r\u00edo Paute, debido a la falta de lluvias, es uno de los factores que incide en que ese embalse se acerque nuevamente a su nivel cr\u00edtico.\u00a0<\/p>\n","protected":false},"author":1,"featured_media":29181,"comment_status":"open","ping_status":"open","sticky":false,"template":"","format":"standard","meta":{"footnotes":""},"categories":[20,83],"tags":[23],"class_list":["post-29180","post","type-post","status-publish","format-standard","has-post-thumbnail","hentry","category-portada-2","category-sucesos","tag-ecuador"],"_links":{"self":[{"href":"https:\/\/elmercuriomanta.ec\/index.php\/wp-json\/wp\/v2\/posts\/29180","targetHints":{"allow":["GET"]}}],"collection":[{"href":"https:\/\/elmercuriomanta.ec\/index.php\/wp-json\/wp\/v2\/posts"}],"about":[{"href":"https:\/\/elmercuriomanta.ec\/index.php\/wp-json\/wp\/v2\/types\/post"}],"author":[{"embeddable":true,"href":"https:\/\/elmercuriomanta.ec\/index.php\/wp-json\/wp\/v2\/users\/1"}],"replies":[{"embeddable":true,"href":"https:\/\/elmercuriomanta.ec\/index.php\/wp-json\/wp\/v2\/comments?post=29180"}],"version-history":[{"count":1,"href":"https:\/\/elmercuriomanta.ec\/index.php\/wp-json\/wp\/v2\/posts\/29180\/revisions"}],"predecessor-version":[{"id":29182,"href":"https:\/\/elmercuriomanta.ec\/index.php\/wp-json\/wp\/v2\/posts\/29180\/revisions\/29182"}],"wp:featuredmedia":[{"embeddable":true,"href":"https:\/\/elmercuriomanta.ec\/index.php\/wp-json\/wp\/v2\/media\/29181"}],"wp:attachment":[{"href":"https:\/\/elmercuriomanta.ec\/index.php\/wp-json\/wp\/v2\/media?parent=29180"}],"wp:term":[{"taxonomy":"category","embeddable":true,"href":"https:\/\/elmercuriomanta.ec\/index.php\/wp-json\/wp\/v2\/categories?post=29180"},{"taxonomy":"post_tag","embeddable":true,"href":"https:\/\/elmercuriomanta.ec\/index.php\/wp-json\/wp\/v2\/tags?post=29180"}],"curies":[{"name":"wp","href":"https:\/\/api.w.org\/{rel}","templated":true}]}}