{"id":29177,"date":"2024-10-07T09:58:26","date_gmt":"2024-10-07T14:58:26","guid":{"rendered":"https:\/\/elmercuriomanta.ec\/?p=29177"},"modified":"2024-10-07T09:58:29","modified_gmt":"2024-10-07T14:58:29","slug":"gremios-productivos-rechazan-los-extensos-cortes-de-luz-dispuestos-para-las-industrias","status":"publish","type":"post","link":"https:\/\/elmercuriomanta.ec\/index.php\/2024\/10\/07\/gremios-productivos-rechazan-los-extensos-cortes-de-luz-dispuestos-para-las-industrias\/","title":{"rendered":"Gremios Productivos rechazan los extensos cortes de luz dispuestos para las industrias"},"content":{"rendered":"\n<figure class=\"wp-block-image aligncenter size-full is-resized\"><img fetchpriority=\"high\" decoding=\"async\" width=\"600\" height=\"600\" src=\"https:\/\/elmercuriomanta.ec\/wp-content\/uploads\/2024\/10\/image-88.png\" alt=\"\" class=\"wp-image-29178\" style=\"width:279px;height:auto\" srcset=\"https:\/\/elmercuriomanta.ec\/wp-content\/uploads\/2024\/10\/image-88.png 600w, https:\/\/elmercuriomanta.ec\/wp-content\/uploads\/2024\/10\/image-88-300x300.png 300w, https:\/\/elmercuriomanta.ec\/wp-content\/uploads\/2024\/10\/image-88-150x150.png 150w\" sizes=\"(max-width: 600px) 100vw, 600px\" \/><\/figure>\n\n\n\n<p>Ante los recientes cortes de energ\u00eda el\u00e9ctrica que han afectado al sector industrial ecuatoriano, las reacciones no se han hecho esperar. La disposici\u00f3n del Centro Nacional de Control de Energ\u00eda (Cenace) de reducir el consumo el\u00e9ctrico en un 100% durante 15 d\u00edas, en un esfuerzo por estabilizar las reservas de agua en los embalses, ha generado una ola de cr\u00edticas por parte de los l\u00edderes industriales del pa\u00eds.<\/p>\n\n\n\n<p>&nbsp;Mar\u00eda Paz Jervis, presidenta de la C\u00e1mara de Industrias y Producci\u00f3n, manifest\u00f3 su firme desacuerdo con la medida, se\u00f1alando que esta \u201catenta contra el empleo y contra los ciudadanos\u201d. Jervis advirti\u00f3 sobre las posibles consecuencias econ\u00f3micas y sociales a largo plazo, argumentando que el sector industrial es crucial para la econom\u00eda nacional.&nbsp;<\/p>\n\n\n\n<p>En Tungurahua, estimaciones preliminares indican que las p\u00e9rdidas diarias podr\u00edan alcanzar los cinco millones de d\u00f3lares, seg\u00fan Tatiana Cepeda de la C\u00e1mara de la Peque\u00f1a Industria local. Con unas 40 mil industrias afectadas, incluyendo sectores clave como el automotriz, carrocer\u00eda y textil, la medida tambi\u00e9n podr\u00eda resultar en la p\u00e9rdida de puestos de trabajo significativos. En Cuenca, Andr\u00e9s Robalino, director de la C\u00e1mara de Industrias local, calific\u00f3 la decisi\u00f3n gubernamental de \u201ccatastr\u00f3fica\u201d, criticando la falta de consideraci\u00f3n sobre el impacto prolongado en las operaciones industriales.<\/p>\n\n\n\n<p>&nbsp;Robalino tambi\u00e9n cuestion\u00f3 la viabilidad de la medida, tach\u00e1ndola de \u201cpopulista\u201d. En Imbabura, donde la industria representa el 40% de los empleos provinciales, existe incertidumbre sobre el impacto exacto de los apagones extendidos. Los representantes de las industrias han anunciado que este lunes el Comit\u00e9 Empresarial Ecuatoriano revelar\u00e1 las medidas que tomar\u00e1n en respuesta a estas disposiciones gubernamentales.<\/p>\n","protected":false},"excerpt":{"rendered":"<p>Ante los recientes cortes de energ\u00eda el\u00e9ctrica que han afectado al sector industrial ecuatoriano, las reacciones no se han hecho esperar. La disposici\u00f3n del Centro Nacional de Control de Energ\u00eda (Cenace) de reducir el consumo el\u00e9ctrico en un 100% durante 15 d\u00edas, en un esfuerzo por estabilizar las reservas de agua en los embalses, ha generado una ola de cr\u00edticas por parte de los l\u00edderes industriales del pa\u00eds.<\/p>\n","protected":false},"author":1,"featured_media":29178,"comment_status":"open","ping_status":"open","sticky":false,"template":"","format":"standard","meta":{"footnotes":""},"categories":[20,83],"tags":[23],"class_list":["post-29177","post","type-post","status-publish","format-standard","has-post-thumbnail","hentry","category-portada-2","category-sucesos","tag-ecuador"],"_links":{"self":[{"href":"https:\/\/elmercuriomanta.ec\/index.php\/wp-json\/wp\/v2\/posts\/29177","targetHints":{"allow":["GET"]}}],"collection":[{"href":"https:\/\/elmercuriomanta.ec\/index.php\/wp-json\/wp\/v2\/posts"}],"about":[{"href":"https:\/\/elmercuriomanta.ec\/index.php\/wp-json\/wp\/v2\/types\/post"}],"author":[{"embeddable":true,"href":"https:\/\/elmercuriomanta.ec\/index.php\/wp-json\/wp\/v2\/users\/1"}],"replies":[{"embeddable":true,"href":"https:\/\/elmercuriomanta.ec\/index.php\/wp-json\/wp\/v2\/comments?post=29177"}],"version-history":[{"count":1,"href":"https:\/\/elmercuriomanta.ec\/index.php\/wp-json\/wp\/v2\/posts\/29177\/revisions"}],"predecessor-version":[{"id":29179,"href":"https:\/\/elmercuriomanta.ec\/index.php\/wp-json\/wp\/v2\/posts\/29177\/revisions\/29179"}],"wp:featuredmedia":[{"embeddable":true,"href":"https:\/\/elmercuriomanta.ec\/index.php\/wp-json\/wp\/v2\/media\/29178"}],"wp:attachment":[{"href":"https:\/\/elmercuriomanta.ec\/index.php\/wp-json\/wp\/v2\/media?parent=29177"}],"wp:term":[{"taxonomy":"category","embeddable":true,"href":"https:\/\/elmercuriomanta.ec\/index.php\/wp-json\/wp\/v2\/categories?post=29177"},{"taxonomy":"post_tag","embeddable":true,"href":"https:\/\/elmercuriomanta.ec\/index.php\/wp-json\/wp\/v2\/tags?post=29177"}],"curies":[{"name":"wp","href":"https:\/\/api.w.org\/{rel}","templated":true}]}}