{"id":29152,"date":"2024-10-06T12:00:34","date_gmt":"2024-10-06T17:00:34","guid":{"rendered":"https:\/\/elmercuriomanta.ec\/?p=29152"},"modified":"2024-10-06T12:00:36","modified_gmt":"2024-10-06T17:00:36","slug":"edmundo-gonzalez-volvera-a-venezuela-para-proclamarse-presidente-de-ese-pais","status":"publish","type":"post","link":"https:\/\/elmercuriomanta.ec\/index.php\/2024\/10\/06\/edmundo-gonzalez-volvera-a-venezuela-para-proclamarse-presidente-de-ese-pais\/","title":{"rendered":"Edmundo Gonz\u00e1lez volver\u00e1 a Venezuela para Proclamarse Presidente de ese Pa\u00eds"},"content":{"rendered":"\n<figure class=\"wp-block-image aligncenter size-large is-resized\"><img fetchpriority=\"high\" decoding=\"async\" width=\"1024\" height=\"683\" src=\"https:\/\/elmercuriomanta.ec\/wp-content\/uploads\/2024\/10\/image-81-1024x683.png\" alt=\"\" class=\"wp-image-29153\" style=\"width:389px;height:auto\" srcset=\"https:\/\/elmercuriomanta.ec\/wp-content\/uploads\/2024\/10\/image-81-1024x683.png 1024w, https:\/\/elmercuriomanta.ec\/wp-content\/uploads\/2024\/10\/image-81-300x200.png 300w, https:\/\/elmercuriomanta.ec\/wp-content\/uploads\/2024\/10\/image-81-768x512.png 768w, https:\/\/elmercuriomanta.ec\/wp-content\/uploads\/2024\/10\/image-81.png 1200w\" sizes=\"(max-width: 1024px) 100vw, 1024px\" \/><\/figure>\n\n\n\n<p>Edmundo Gonz\u00e1lez, dijo en el Foro La Toja, un espacio de debate pol\u00edtico que se realiza en el nordeste de Espa\u00f1a que regresar\u00e1 a Venezuela para ocupar el cargo como presidente de ese pa\u00eds. \u201cYo voy a regresar a Venezuela lo m\u00e1s pronto posible y el 10 de enero es la fecha que constitucionalmente est\u00e1 prevista para la toma de posesi\u00f3n. Yo aspiro que la voluntad de 8 millones de venezolanos se cumpla\u201d, dijo Gonz\u00e1lez.<\/p>\n\n\n\n<p>El venezolano se refiri\u00f3 con humor, a la decisi\u00f3n de Maduro de adelantar la Navidad en Venezuela. \u201cEl presidente Maduro adelant\u00f3 la Navidad al 1 de octubre, no ser\u00eda raro que yo pudiera adelantar mi regreso tambi\u00e9n,\u201d coment\u00f3 el l\u00edder opositor. Gonz\u00e1lez tambi\u00e9n enfatiz\u00f3 que su elecci\u00f3n fue apoyada por \u201c8 millones de venezolanos\u201d y que no se compara con lo ocurrido con Juan Guaid\u00f3 en 2019, que pese a ser designado por la Asamblea como presidente interino de Venezuela en ese tiempo, perdi\u00f3 apoyo internacional. Sobre el destino de Nicol\u00e1s Maduro en caso de que pueda tomar posesi\u00f3n como presidente, Gonzal\u00e9z fue claro \u201cEl que \u00e9l desee, yo ah\u00ed no me meto,\u201d coment\u00f3.<\/p>\n","protected":false},"excerpt":{"rendered":"<p>Edmundo Gonz\u00e1lez, dijo en el Foro La Toja, un espacio de debate pol\u00edtico que se realiza en el nordeste de Espa\u00f1a que regresar\u00e1 a Venezuela para ocupar el cargo como presidente de ese pa\u00eds. \u201cYo voy a regresar a Venezuela lo m\u00e1s pronto posible y el 10 de enero es la fecha que constitucionalmente est\u00e1 prevista para la toma de posesi\u00f3n. Yo aspiro que la voluntad de 8 millones de venezolanos se cumpla\u201d, dijo Gonz\u00e1lez.<\/p>\n<p>El venezolano se refiri\u00f3 con humor, a la decisi\u00f3n de Maduro de adelantar la Navidad en Venezuela. \u201cEl presidente Maduro adelant\u00f3 la Navidad al 1 de octubre, no ser\u00eda raro que yo pudiera adelantar mi regreso tambi\u00e9n,\u201d coment\u00f3 el l\u00edder opositor. Gonz\u00e1lez tambi\u00e9n enfatiz\u00f3 que su elecci\u00f3n fue apoyada por \u201c8 millones de venezolanos\u201d y que no se compara con lo ocurrido con Juan Guaid\u00f3 en 2019, que pese a ser designado por la Asamblea como presidente interino de Venezuela en ese tiempo, perdi\u00f3 apoyo internacional. Sobre el destino de Nicol\u00e1s Maduro en caso de que pueda tomar posesi\u00f3n como presidente, Gonzal\u00e9z fue claro \u201cEl que \u00e9l desee, yo ah\u00ed no me meto,\u201d coment\u00f3.<\/p>\n","protected":false},"author":1,"featured_media":29153,"comment_status":"open","ping_status":"open","sticky":false,"template":"","format":"standard","meta":{"footnotes":""},"categories":[8],"tags":[],"class_list":["post-29152","post","type-post","status-publish","format-standard","has-post-thumbnail","hentry","category-internacional"],"_links":{"self":[{"href":"https:\/\/elmercuriomanta.ec\/index.php\/wp-json\/wp\/v2\/posts\/29152","targetHints":{"allow":["GET"]}}],"collection":[{"href":"https:\/\/elmercuriomanta.ec\/index.php\/wp-json\/wp\/v2\/posts"}],"about":[{"href":"https:\/\/elmercuriomanta.ec\/index.php\/wp-json\/wp\/v2\/types\/post"}],"author":[{"embeddable":true,"href":"https:\/\/elmercuriomanta.ec\/index.php\/wp-json\/wp\/v2\/users\/1"}],"replies":[{"embeddable":true,"href":"https:\/\/elmercuriomanta.ec\/index.php\/wp-json\/wp\/v2\/comments?post=29152"}],"version-history":[{"count":1,"href":"https:\/\/elmercuriomanta.ec\/index.php\/wp-json\/wp\/v2\/posts\/29152\/revisions"}],"predecessor-version":[{"id":29154,"href":"https:\/\/elmercuriomanta.ec\/index.php\/wp-json\/wp\/v2\/posts\/29152\/revisions\/29154"}],"wp:featuredmedia":[{"embeddable":true,"href":"https:\/\/elmercuriomanta.ec\/index.php\/wp-json\/wp\/v2\/media\/29153"}],"wp:attachment":[{"href":"https:\/\/elmercuriomanta.ec\/index.php\/wp-json\/wp\/v2\/media?parent=29152"}],"wp:term":[{"taxonomy":"category","embeddable":true,"href":"https:\/\/elmercuriomanta.ec\/index.php\/wp-json\/wp\/v2\/categories?post=29152"},{"taxonomy":"post_tag","embeddable":true,"href":"https:\/\/elmercuriomanta.ec\/index.php\/wp-json\/wp\/v2\/tags?post=29152"}],"curies":[{"name":"wp","href":"https:\/\/api.w.org\/{rel}","templated":true}]}}