{"id":29146,"date":"2024-10-06T11:54:36","date_gmt":"2024-10-06T16:54:36","guid":{"rendered":"https:\/\/elmercuriomanta.ec\/?p=29146"},"modified":"2024-10-06T11:54:38","modified_gmt":"2024-10-06T16:54:38","slug":"monica-palencia-sufre-descompensacion-a-causa-de-la-larga-jornada","status":"publish","type":"post","link":"https:\/\/elmercuriomanta.ec\/index.php\/2024\/10\/06\/monica-palencia-sufre-descompensacion-a-causa-de-la-larga-jornada\/","title":{"rendered":"M\u00f3nica Palencia Sufre Descompensaci\u00f3n a Causa de la Larga Jornada"},"content":{"rendered":"\n<figure class=\"wp-block-image aligncenter size-full is-resized\"><img fetchpriority=\"high\" decoding=\"async\" width=\"286\" height=\"176\" src=\"https:\/\/elmercuriomanta.ec\/wp-content\/uploads\/2024\/10\/image-79.png\" alt=\"\" class=\"wp-image-29147\" style=\"width:489px;height:auto\"\/><\/figure>\n\n\n\n<p>La ministra del Interior, M\u00f3nica Palencia sufri\u00f3 una descompensaci\u00f3n en su salud, debido a la larga sesi\u00f3n de la Comisi\u00f3n de Fiscalizaci\u00f3n para sustanciar el juicio pol\u00edtico en su contra. Seg\u00fan informaci\u00f3n proporcionada por el ministerio, a El Tel\u00e9grafo Palencia tuvo que ser traslada a una casa de salud en una ambulancia y permanece en reposo m\u00e9dico. Este quebranto en salud habr\u00eda ocurrido debido a que permaneci\u00f3 m\u00e1s de diez horas sentada y con altos niveles de estr\u00e9s, tras escuchar los alegatos de los asamble\u00edstas proponentes del juicio pol\u00edtico en su contra.<\/p>\n\n\n\n<p>La jornada fue extensa. Palencia y los legisladores interpelantes Leonardo Berrezueta y Paola Cabezas, del movimiento Revoluci\u00f3n Ciudadana, expusieron sus alegatos finales dentro del juicio pol\u00edtico en contra de la ministra. La sesi\u00f3n tuvo momentos de tensi\u00f3n entre los asamble\u00edstas del corre\u00edsmo y Palencia. La legisladora Cabezas critic\u00f3 a Palencia por las cifras de homicidios presentadas por esta cartera de Estado, los resultados del Plan F\u00e9nix y una supuesta falta de ejecuci\u00f3n del presupuesto para dotar de armamento al personal de la Polic\u00eda Nacional.<\/p>\n","protected":false},"excerpt":{"rendered":"<p>La ministra del Interior, M\u00f3nica Palencia sufri\u00f3 una descompensaci\u00f3n en su salud, debido a la larga sesi\u00f3n de la Comisi\u00f3n de Fiscalizaci\u00f3n para sustanciar el juicio pol\u00edtico en su contra. Seg\u00fan informaci\u00f3n proporcionada por el ministerio, a El Tel\u00e9grafo Palencia tuvo que ser traslada a una casa de salud en una ambulancia y permanece en reposo m\u00e9dico. Este quebranto en salud habr\u00eda ocurrido debido a que permaneci\u00f3 m\u00e1s de diez horas sentada y con altos niveles de estr\u00e9s, tras escuchar los alegatos de los asamble\u00edstas proponentes del juicio pol\u00edtico en su contra.<\/p>\n<p>La jornada fue extensa. Palencia y los legisladores interpelantes Leonardo Berrezueta y Paola Cabezas, del movimiento Revoluci\u00f3n Ciudadana, expusieron sus alegatos finales dentro del juicio pol\u00edtico en contra de la ministra. La sesi\u00f3n tuvo momentos de tensi\u00f3n entre los asamble\u00edstas del corre\u00edsmo y Palencia. La legisladora Cabezas critic\u00f3 a Palencia por las cifras de homicidios presentadas por esta cartera de Estado, los resultados del Plan F\u00e9nix y una supuesta falta de ejecuci\u00f3n del presupuesto para dotar de armamento al personal de la Polic\u00eda Nacional.<\/p>\n","protected":false},"author":1,"featured_media":29147,"comment_status":"open","ping_status":"open","sticky":false,"template":"","format":"standard","meta":{"footnotes":""},"categories":[21],"tags":[],"class_list":["post-29146","post","type-post","status-publish","format-standard","has-post-thumbnail","hentry","category-noticia-del-dia"],"_links":{"self":[{"href":"https:\/\/elmercuriomanta.ec\/index.php\/wp-json\/wp\/v2\/posts\/29146","targetHints":{"allow":["GET"]}}],"collection":[{"href":"https:\/\/elmercuriomanta.ec\/index.php\/wp-json\/wp\/v2\/posts"}],"about":[{"href":"https:\/\/elmercuriomanta.ec\/index.php\/wp-json\/wp\/v2\/types\/post"}],"author":[{"embeddable":true,"href":"https:\/\/elmercuriomanta.ec\/index.php\/wp-json\/wp\/v2\/users\/1"}],"replies":[{"embeddable":true,"href":"https:\/\/elmercuriomanta.ec\/index.php\/wp-json\/wp\/v2\/comments?post=29146"}],"version-history":[{"count":1,"href":"https:\/\/elmercuriomanta.ec\/index.php\/wp-json\/wp\/v2\/posts\/29146\/revisions"}],"predecessor-version":[{"id":29148,"href":"https:\/\/elmercuriomanta.ec\/index.php\/wp-json\/wp\/v2\/posts\/29146\/revisions\/29148"}],"wp:featuredmedia":[{"embeddable":true,"href":"https:\/\/elmercuriomanta.ec\/index.php\/wp-json\/wp\/v2\/media\/29147"}],"wp:attachment":[{"href":"https:\/\/elmercuriomanta.ec\/index.php\/wp-json\/wp\/v2\/media?parent=29146"}],"wp:term":[{"taxonomy":"category","embeddable":true,"href":"https:\/\/elmercuriomanta.ec\/index.php\/wp-json\/wp\/v2\/categories?post=29146"},{"taxonomy":"post_tag","embeddable":true,"href":"https:\/\/elmercuriomanta.ec\/index.php\/wp-json\/wp\/v2\/tags?post=29146"}],"curies":[{"name":"wp","href":"https:\/\/api.w.org\/{rel}","templated":true}]}}