{"id":29136,"date":"2024-10-06T11:22:32","date_gmt":"2024-10-06T16:22:32","guid":{"rendered":"https:\/\/elmercuriomanta.ec\/?p=29136"},"modified":"2024-10-06T11:22:34","modified_gmt":"2024-10-06T16:22:34","slug":"el-cenace-dispone-racionar-al-100-el-consumo-electrico-del-sector-industrial-por-15-dias","status":"publish","type":"post","link":"https:\/\/elmercuriomanta.ec\/index.php\/2024\/10\/06\/el-cenace-dispone-racionar-al-100-el-consumo-electrico-del-sector-industrial-por-15-dias\/","title":{"rendered":"EL CENACE Dispone Racionar al 100 % el Consumo El\u00e9ctrico del Sector Industrial por 15 D\u00edas"},"content":{"rendered":"\n<figure class=\"wp-block-image aligncenter size-large is-resized\"><img fetchpriority=\"high\" decoding=\"async\" width=\"1024\" height=\"576\" src=\"https:\/\/elmercuriomanta.ec\/wp-content\/uploads\/2024\/10\/image-76-1024x576.png\" alt=\"\" class=\"wp-image-29138\" style=\"width:498px;height:auto\" srcset=\"https:\/\/elmercuriomanta.ec\/wp-content\/uploads\/2024\/10\/image-76-1024x576.png 1024w, https:\/\/elmercuriomanta.ec\/wp-content\/uploads\/2024\/10\/image-76-300x169.png 300w, https:\/\/elmercuriomanta.ec\/wp-content\/uploads\/2024\/10\/image-76-768x432.png 768w, https:\/\/elmercuriomanta.ec\/wp-content\/uploads\/2024\/10\/image-76-1536x864.png 1536w, https:\/\/elmercuriomanta.ec\/wp-content\/uploads\/2024\/10\/image-76.png 1920w\" sizes=\"(max-width: 1024px) 100vw, 1024px\" \/><\/figure>\n\n\n\n<p>El Operador Nacional de Electricidad (Cenace) dispuso este s\u00e1bado 5 de octubre, de manera imperativa, que en los pr\u00f3ximos 15 d\u00edas en el sector industrial del Ecuador exista racionamientos entre las 08:00 y las 18:00. Esta decisi\u00f3n se hizo p\u00fablica mediante un oficio que se\u00f1ala que esta ma\u00f1ana Javier Guevara, director del Cenace, envi\u00f3 un correo en el que orden\u00f3 que se cumpla esta medida hasta recuperar las reservas energ\u00e9ticas de la Central Mazar. La autoridad sustent\u00f3 su decisi\u00f3n en la declaratoria de emergencia vigente en el sector el\u00e9ctrico debido al d\u00e9ficit de generaci\u00f3n y la grave situaci\u00f3n hidrol\u00f3gica que atraviesa el Ecuador.<\/p>\n\n\n\n<p>La informaci\u00f3n fue enviada a las diferentes empresas de distribuci\u00f3n el\u00e9ctrica del pa\u00eds por Diego Orbe, subsecretario de Distribuci\u00f3n y Comercializaci\u00f3n de Energ\u00eda El\u00e9ctrica, quien tambi\u00e9n firm\u00f3 el documento de manera electr\u00f3nica. Algunos gremios industriales del pa\u00eds han reaccionado a este anuncio, se\u00f1alando que esto agravar\u00e1 a\u00fan m\u00e1s la situaci\u00f3n del empleo, ya afectada por las desconexiones programadas por dos semanas. La C\u00e1mara de Comercio de Quito inst\u00f3 a revisar esta medida y buscar soluciones alternativas en coordinaci\u00f3n con el sector privado. \u201cProponemos la conformaci\u00f3n de mesas t\u00e9cnicas, con representantes de cada gremio y facilitadores expertos, para encontrar medidas menos dr\u00e1sticas, como un uso m\u00e1s eficiente de la energ\u00eda y un plan de generaci\u00f3n de energ\u00edas alternativas\u201d, apuntaron.<\/p>\n","protected":false},"excerpt":{"rendered":"<p>El Operador Nacional de Electricidad (Cenace) dispuso este s\u00e1bado 5 de octubre, de manera imperativa, que en los pr\u00f3ximos 15 d\u00edas en el sector industrial del Ecuador exista racionamientos entre las 08:00 y las 18:00. Esta decisi\u00f3n se hizo p\u00fablica mediante un oficio que se\u00f1ala que esta ma\u00f1ana Javier Guevara, director del Cenace, envi\u00f3 un correo en el que orden\u00f3 que se cumpla esta medida hasta recuperar las reservas energ\u00e9ticas de la Central Mazar. La autoridad sustent\u00f3 su decisi\u00f3n en la declaratoria de emergencia vigente en el sector el\u00e9ctrico debido al d\u00e9ficit de generaci\u00f3n y la grave situaci\u00f3n hidrol\u00f3gica que atraviesa el Ecuador.<\/p>\n<p>La informaci\u00f3n fue enviada a las diferentes empresas de distribuci\u00f3n el\u00e9ctrica del pa\u00eds por Diego Orbe, subsecretario de Distribuci\u00f3n y Comercializaci\u00f3n de Energ\u00eda El\u00e9ctrica, quien tambi\u00e9n firm\u00f3 el documento de manera electr\u00f3nica. Algunos gremios industriales del pa\u00eds han reaccionado a este anuncio, se\u00f1alando que esto agravar\u00e1 a\u00fan m\u00e1s la situaci\u00f3n del empleo, ya afectada por las desconexiones programadas por dos semanas. La C\u00e1mara de Comercio de Quito inst\u00f3 a revisar esta medida y buscar soluciones alternativas en coordinaci\u00f3n con el sector privado. \u201cProponemos la conformaci\u00f3n de mesas t\u00e9cnicas, con representantes de cada gremio y facilitadores expertos, para encontrar medidas menos dr\u00e1sticas, como un uso m\u00e1s eficiente de la energ\u00eda y un plan de generaci\u00f3n de energ\u00edas alternativas\u201d, apuntaron.<\/p>\n","protected":false},"author":1,"featured_media":29137,"comment_status":"open","ping_status":"open","sticky":false,"template":"","format":"standard","meta":{"footnotes":""},"categories":[83],"tags":[23,29],"class_list":["post-29136","post","type-post","status-publish","format-standard","has-post-thumbnail","hentry","category-sucesos","tag-ecuador","tag-manabi"],"_links":{"self":[{"href":"https:\/\/elmercuriomanta.ec\/index.php\/wp-json\/wp\/v2\/posts\/29136","targetHints":{"allow":["GET"]}}],"collection":[{"href":"https:\/\/elmercuriomanta.ec\/index.php\/wp-json\/wp\/v2\/posts"}],"about":[{"href":"https:\/\/elmercuriomanta.ec\/index.php\/wp-json\/wp\/v2\/types\/post"}],"author":[{"embeddable":true,"href":"https:\/\/elmercuriomanta.ec\/index.php\/wp-json\/wp\/v2\/users\/1"}],"replies":[{"embeddable":true,"href":"https:\/\/elmercuriomanta.ec\/index.php\/wp-json\/wp\/v2\/comments?post=29136"}],"version-history":[{"count":1,"href":"https:\/\/elmercuriomanta.ec\/index.php\/wp-json\/wp\/v2\/posts\/29136\/revisions"}],"predecessor-version":[{"id":29139,"href":"https:\/\/elmercuriomanta.ec\/index.php\/wp-json\/wp\/v2\/posts\/29136\/revisions\/29139"}],"wp:featuredmedia":[{"embeddable":true,"href":"https:\/\/elmercuriomanta.ec\/index.php\/wp-json\/wp\/v2\/media\/29137"}],"wp:attachment":[{"href":"https:\/\/elmercuriomanta.ec\/index.php\/wp-json\/wp\/v2\/media?parent=29136"}],"wp:term":[{"taxonomy":"category","embeddable":true,"href":"https:\/\/elmercuriomanta.ec\/index.php\/wp-json\/wp\/v2\/categories?post=29136"},{"taxonomy":"post_tag","embeddable":true,"href":"https:\/\/elmercuriomanta.ec\/index.php\/wp-json\/wp\/v2\/tags?post=29136"}],"curies":[{"name":"wp","href":"https:\/\/api.w.org\/{rel}","templated":true}]}}