{"id":29114,"date":"2024-10-05T10:36:49","date_gmt":"2024-10-05T15:36:49","guid":{"rendered":"https:\/\/elmercuriomanta.ec\/?p=29114"},"modified":"2024-10-05T10:36:51","modified_gmt":"2024-10-05T15:36:51","slug":"expresidente-es-investigado-por-presunta-trata-de-personas","status":"publish","type":"post","link":"https:\/\/elmercuriomanta.ec\/index.php\/2024\/10\/05\/expresidente-es-investigado-por-presunta-trata-de-personas\/","title":{"rendered":"Expresidente es Investigado por Presunta Trata de Personas"},"content":{"rendered":"\n<figure class=\"wp-block-image aligncenter size-large is-resized\"><img fetchpriority=\"high\" decoding=\"async\" width=\"1024\" height=\"691\" src=\"https:\/\/elmercuriomanta.ec\/wp-content\/uploads\/2024\/10\/image-71-1024x691.png\" alt=\"\" class=\"wp-image-29115\" style=\"width:481px;height:auto\" srcset=\"https:\/\/elmercuriomanta.ec\/wp-content\/uploads\/2024\/10\/image-71-1024x691.png 1024w, https:\/\/elmercuriomanta.ec\/wp-content\/uploads\/2024\/10\/image-71-300x203.png 300w, https:\/\/elmercuriomanta.ec\/wp-content\/uploads\/2024\/10\/image-71-768x518.png 768w, https:\/\/elmercuriomanta.ec\/wp-content\/uploads\/2024\/10\/image-71.png 1200w\" sizes=\"(max-width: 1024px) 100vw, 1024px\" \/><\/figure>\n\n\n\n<p>El expresidente de Bolivia, Evo Morales (2004-2019), es investigado por la justicia por un presunto delito de trata de personas, en el que se le acusa de la creaci\u00f3n de una red de j\u00f3venes que mantuvo mientras ejerc\u00eda el cargo como presidente, conocida como \u201cGeneraci\u00f3n Evo\u201d. La fiscal del departamento de Tarija, Sandra Guti\u00e9rrez, habr\u00eda ordenado la captura de Morales para las investigaciones por presunta trata de personas, pero fue destituida y por tanto la orden no se lleg\u00f3 a efectuar. Morales tambi\u00e9n est\u00e1 implicado en un proceso judicial por la presunta violaci\u00f3n a una menor de edad, mientras era presidente de ese pa\u00eds.<\/p>\n\n\n\n<p>Seg\u00fan informaci\u00f3n de su opositor, Luis Arce, con ella habr\u00eda tenido una hija. El ministro de Justicia, C\u00e9sar Siles revel\u00f3 que el expresidente es investigado por el delito de violaci\u00f3n. \u201cHemos observado con indignaci\u00f3n delitos graves que pretenden quedar en impunidad: me refiero concretamente a una ni\u00f1a, a una ni\u00f1a violada, a sus 15, a sus 16 a\u00f1os\u201d, se\u00f1al\u00f3 el funcionario a los medios de comunicaci\u00f3n. Morales reaccion\u00f3 ante estas acusaciones y se\u00f1al\u00f3 al presidente de ese pa\u00eds, Luis Arce, que seg\u00fan el exmandatario ha pasado de resolver \u201csus diferencias de forma democr\u00e1tica\u201d a empezar una \u201cpersecuci\u00f3n policial en su contra\u201d. \u201cHace mucho informamos que el Gobierno de Luis Arce decidi\u00f3 convertirse en un gobierno fascista y antipopular. Renunciaron a resolver cualquier diferencia de forma democr\u00e1tica, para pasar a la persecuci\u00f3n judicial.<\/p>\n","protected":false},"excerpt":{"rendered":"<p>El expresidente de Bolivia, Evo Morales (2004-2019), es investigado por la justicia por un presunto delito de trata de personas, en el que se le acusa de la creaci\u00f3n de una red de j\u00f3venes que mantuvo mientras ejerc\u00eda el cargo como presidente, conocida como \u201cGeneraci\u00f3n Evo\u201d. La fiscal del departamento de Tarija, Sandra Guti\u00e9rrez, habr\u00eda ordenado la captura de Morales para las investigaciones por presunta trata de personas, pero fue destituida y por tanto la orden no se lleg\u00f3 a efectuar. Morales tambi\u00e9n est\u00e1 implicado en un proceso judicial por la presunta violaci\u00f3n a una menor de edad, mientras era presidente de ese pa\u00eds.<\/p>\n<p>Seg\u00fan informaci\u00f3n de su opositor, Luis Arce, con ella habr\u00eda tenido una hija. El ministro de Justicia, C\u00e9sar Siles revel\u00f3 que el expresidente es investigado por el delito de violaci\u00f3n. \u201cHemos observado con indignaci\u00f3n delitos graves que pretenden quedar en impunidad: me refiero concretamente a una ni\u00f1a, a una ni\u00f1a violada, a sus 15, a sus 16 a\u00f1os\u201d, se\u00f1al\u00f3 el funcionario a los medios de comunicaci\u00f3n. Morales reaccion\u00f3 ante estas acusaciones y se\u00f1al\u00f3 al presidente de ese pa\u00eds, Luis Arce, que seg\u00fan el exmandatario ha pasado de resolver \u201csus diferencias de forma democr\u00e1tica\u201d a empezar una \u201cpersecuci\u00f3n policial en su contra\u201d. \u201cHace mucho informamos que el Gobierno de Luis Arce decidi\u00f3 convertirse en un gobierno fascista y antipopular. Renunciaron a resolver cualquier diferencia de forma democr\u00e1tica, para pasar a la persecuci\u00f3n judicial.<\/p>\n","protected":false},"author":1,"featured_media":29115,"comment_status":"open","ping_status":"open","sticky":false,"template":"","format":"standard","meta":{"footnotes":""},"categories":[8],"tags":[],"class_list":["post-29114","post","type-post","status-publish","format-standard","has-post-thumbnail","hentry","category-internacional"],"_links":{"self":[{"href":"https:\/\/elmercuriomanta.ec\/index.php\/wp-json\/wp\/v2\/posts\/29114","targetHints":{"allow":["GET"]}}],"collection":[{"href":"https:\/\/elmercuriomanta.ec\/index.php\/wp-json\/wp\/v2\/posts"}],"about":[{"href":"https:\/\/elmercuriomanta.ec\/index.php\/wp-json\/wp\/v2\/types\/post"}],"author":[{"embeddable":true,"href":"https:\/\/elmercuriomanta.ec\/index.php\/wp-json\/wp\/v2\/users\/1"}],"replies":[{"embeddable":true,"href":"https:\/\/elmercuriomanta.ec\/index.php\/wp-json\/wp\/v2\/comments?post=29114"}],"version-history":[{"count":1,"href":"https:\/\/elmercuriomanta.ec\/index.php\/wp-json\/wp\/v2\/posts\/29114\/revisions"}],"predecessor-version":[{"id":29116,"href":"https:\/\/elmercuriomanta.ec\/index.php\/wp-json\/wp\/v2\/posts\/29114\/revisions\/29116"}],"wp:featuredmedia":[{"embeddable":true,"href":"https:\/\/elmercuriomanta.ec\/index.php\/wp-json\/wp\/v2\/media\/29115"}],"wp:attachment":[{"href":"https:\/\/elmercuriomanta.ec\/index.php\/wp-json\/wp\/v2\/media?parent=29114"}],"wp:term":[{"taxonomy":"category","embeddable":true,"href":"https:\/\/elmercuriomanta.ec\/index.php\/wp-json\/wp\/v2\/categories?post=29114"},{"taxonomy":"post_tag","embeddable":true,"href":"https:\/\/elmercuriomanta.ec\/index.php\/wp-json\/wp\/v2\/tags?post=29114"}],"curies":[{"name":"wp","href":"https:\/\/api.w.org\/{rel}","templated":true}]}}