{"id":29099,"date":"2024-10-05T09:48:39","date_gmt":"2024-10-05T14:48:39","guid":{"rendered":"https:\/\/elmercuriomanta.ec\/?p=29099"},"modified":"2024-10-05T09:48:41","modified_gmt":"2024-10-05T14:48:41","slug":"gobierno-nacional-elimina-iva-para-venta-e-importacion-de-generadores-electricos","status":"publish","type":"post","link":"https:\/\/elmercuriomanta.ec\/index.php\/2024\/10\/05\/gobierno-nacional-elimina-iva-para-venta-e-importacion-de-generadores-electricos\/","title":{"rendered":"Gobierno Nacional Elimina IVA Para Venta e Importaci\u00f3n de Generadores El\u00e9ctricos"},"content":{"rendered":"\n<figure class=\"wp-block-image aligncenter size-full is-resized\"><img fetchpriority=\"high\" decoding=\"async\" width=\"500\" height=\"300\" src=\"https:\/\/elmercuriomanta.ec\/wp-content\/uploads\/2024\/10\/image-66.png\" alt=\"\" class=\"wp-image-29100\" style=\"width:363px;height:auto\" srcset=\"https:\/\/elmercuriomanta.ec\/wp-content\/uploads\/2024\/10\/image-66.png 500w, https:\/\/elmercuriomanta.ec\/wp-content\/uploads\/2024\/10\/image-66-300x180.png 300w\" sizes=\"(max-width: 500px) 100vw, 500px\" \/><\/figure>\n\n\n\n<p>A trav\u00e9s del Decreto Ejecutivo 411, el presidente Daniel Noboa anunci\u00f3 este jueves 3 de octubre de 2024 la implementaci\u00f3n inmediata de una tarifa del 0% del Impuesto al Valor Agregado (IVA), para la importaci\u00f3n y venta de generadores el\u00e9ctricos. Esto incluye todas las formas y gamas de generadores el\u00e9ctricos, as\u00ed como sus partes y piezas. El Decreto tendr\u00e1 vigencia hasta el 31 de diciembre de 2024, con el objetivo de combatir la crisis energ\u00e9tica que afecta al pa\u00eds, por consecuencia de la sequ\u00eda y el estiaje.<\/p>\n\n\n\n<p>El Gobierno Nacional dispuso al Servicio de Rentas Internas (SRI) y el Servicio Nacional de Aduana de Ecuador a efectuar esta disposici\u00f3n. \u201cEl Gobierno, consecuente con la actual situaci\u00f3n clim\u00e1tica e hidrol\u00f3gica a nivel nacional, que afecta directamente a la producci\u00f3n y generaci\u00f3n el\u00e9ctrica; implementa medidas urgentes que mitiguen su impacto y que, por el contrario, coadyuven a sobrellevar este per\u00edodo de manera sostenible\u201d, se\u00f1al\u00f3 la Presidencia, en un comunicado.<\/p>\n","protected":false},"excerpt":{"rendered":"<p>A trav\u00e9s del Decreto Ejecutivo 411, el presidente Daniel Noboa anunci\u00f3 este jueves 3 de octubre de 2024 la implementaci\u00f3n inmediata de una tarifa del 0% del Impuesto al Valor Agregado (IVA), para la importaci\u00f3n y venta de generadores el\u00e9ctricos. Esto incluye todas las formas y gamas de generadores el\u00e9ctricos, as\u00ed como sus partes y piezas. El Decreto tendr\u00e1 vigencia hasta el 31 de diciembre de 2024, con el objetivo de combatir la crisis energ\u00e9tica que afecta al pa\u00eds, por consecuencia de la sequ\u00eda y el estiaje.<\/p>\n<p>El Gobierno Nacional dispuso al Servicio de Rentas Internas (SRI) y el Servicio Nacional de Aduana de Ecuador a efectuar esta disposici\u00f3n. \u201cEl Gobierno, consecuente con la actual situaci\u00f3n clim\u00e1tica e hidrol\u00f3gica a nivel nacional, que afecta directamente a la producci\u00f3n y generaci\u00f3n el\u00e9ctrica; implementa medidas urgentes que mitiguen su impacto y que, por el contrario, coadyuven a sobrellevar este per\u00edodo de manera sostenible\u201d, se\u00f1al\u00f3 la Presidencia, en un comunicado.<\/p>\n","protected":false},"author":1,"featured_media":29100,"comment_status":"open","ping_status":"open","sticky":false,"template":"","format":"standard","meta":{"footnotes":""},"categories":[21],"tags":[23],"class_list":["post-29099","post","type-post","status-publish","format-standard","has-post-thumbnail","hentry","category-noticia-del-dia","tag-ecuador"],"_links":{"self":[{"href":"https:\/\/elmercuriomanta.ec\/index.php\/wp-json\/wp\/v2\/posts\/29099","targetHints":{"allow":["GET"]}}],"collection":[{"href":"https:\/\/elmercuriomanta.ec\/index.php\/wp-json\/wp\/v2\/posts"}],"about":[{"href":"https:\/\/elmercuriomanta.ec\/index.php\/wp-json\/wp\/v2\/types\/post"}],"author":[{"embeddable":true,"href":"https:\/\/elmercuriomanta.ec\/index.php\/wp-json\/wp\/v2\/users\/1"}],"replies":[{"embeddable":true,"href":"https:\/\/elmercuriomanta.ec\/index.php\/wp-json\/wp\/v2\/comments?post=29099"}],"version-history":[{"count":1,"href":"https:\/\/elmercuriomanta.ec\/index.php\/wp-json\/wp\/v2\/posts\/29099\/revisions"}],"predecessor-version":[{"id":29101,"href":"https:\/\/elmercuriomanta.ec\/index.php\/wp-json\/wp\/v2\/posts\/29099\/revisions\/29101"}],"wp:featuredmedia":[{"embeddable":true,"href":"https:\/\/elmercuriomanta.ec\/index.php\/wp-json\/wp\/v2\/media\/29100"}],"wp:attachment":[{"href":"https:\/\/elmercuriomanta.ec\/index.php\/wp-json\/wp\/v2\/media?parent=29099"}],"wp:term":[{"taxonomy":"category","embeddable":true,"href":"https:\/\/elmercuriomanta.ec\/index.php\/wp-json\/wp\/v2\/categories?post=29099"},{"taxonomy":"post_tag","embeddable":true,"href":"https:\/\/elmercuriomanta.ec\/index.php\/wp-json\/wp\/v2\/tags?post=29099"}],"curies":[{"name":"wp","href":"https:\/\/api.w.org\/{rel}","templated":true}]}}