{"id":29065,"date":"2024-10-04T12:32:32","date_gmt":"2024-10-04T17:32:32","guid":{"rendered":"https:\/\/elmercuriomanta.ec\/?p=29065"},"modified":"2024-10-04T12:32:45","modified_gmt":"2024-10-04T17:32:45","slug":"el-psp-y-pachakutik-objetan-la-candidatura-de-jan-topic","status":"publish","type":"post","link":"https:\/\/elmercuriomanta.ec\/index.php\/2024\/10\/04\/el-psp-y-pachakutik-objetan-la-candidatura-de-jan-topic\/","title":{"rendered":"El PSP y Pachakutik objetan la candidatura de Jan Topic"},"content":{"rendered":"\n<figure class=\"wp-block-image aligncenter size-full is-resized\"><img fetchpriority=\"high\" decoding=\"async\" width=\"780\" height=\"477\" src=\"https:\/\/elmercuriomanta.ec\/wp-content\/uploads\/2024\/10\/image-60.png\" alt=\"\" class=\"wp-image-29066\" style=\"width:299px;height:auto\" srcset=\"https:\/\/elmercuriomanta.ec\/wp-content\/uploads\/2024\/10\/image-60.png 780w, https:\/\/elmercuriomanta.ec\/wp-content\/uploads\/2024\/10\/image-60-300x183.png 300w, https:\/\/elmercuriomanta.ec\/wp-content\/uploads\/2024\/10\/image-60-768x470.png 768w\" sizes=\"(max-width: 780px) 100vw, 780px\" \/><\/figure>\n\n\n\n<p id=\"m102-101-103\">Este 3 de octubre, El Partido Sociedad Patri\u00f3tica y el movimiento de unidad plurinacional Pachakutik objetaron la candidatura de Jan Topic, quien por segunda ocasi\u00f3n participa para las elecciones presidenciales,  por SUMA, ante el\u00a0<strong>Consejo Nacional Electoral<\/strong>\u00a0(CNE). <\/p>\n\n\n\n<p id=\"m138-137-139\">De acuerdo al art\u00edculo 101 del\u00a0<strong>C\u00f3digo de la Democracia<\/strong>, Topic tendr\u00e1 48 horas para responder a la objeci\u00f3n a su candidatura, luego de que el CNE traslade dicha objeci\u00f3n en un plazo de un d\u00eda.<\/p>\n\n\n\n<p id=\"m175-174-176\">En cuanto a la resoluci\u00f3n de la impugnaci\u00f3n, la norma especifica en su art\u00edculo 102 que la Junta deber\u00e1 hacer llegar el expediente a la Secretar\u00eda del CNE en un plazo de dos d\u00edas, y esta resolver\u00e1 en un plazo de tres d\u00edas. Su decisi\u00f3n ser\u00e1 comunicada a la Junta Provincial Electoral en un d\u00eda, para que esta notifique a las partes en el mismo plazo.<\/p>\n\n\n\n<blockquote class=\"wp-block-quote is-layout-flow wp-block-quote-is-layout-flow\">\n<h2 class=\"wp-block-heading\" id=\"m185-184-186\">Motivos de la impugnaci\u00f3n<\/h2>\n<\/blockquote>\n\n\n\n<p id=\"m190-189-191\">Seg\u00fan el presidente del&nbsp;<strong>Partido Sociedad Patri\u00f3tica (PSP)<\/strong>, en conversaci\u00f3n con Diario EXPRESO, los motivos de la objeci\u00f3n a la candidatura de Topic se basan en un conflicto de intereses<strong>. Lucio Guti\u00e9rrez<\/strong>, presidente del partido y expresidente de Ecuador, afirm\u00f3 que present\u00f3 ante el CNE las pruebas suficientes para demostrar que Topic mantiene contratos con el Estado, espec\u00edficamente con el Municipio de Manta.<\/p>\n\n\n\n<p id=\"m257-256-258\">Guti\u00e9rrez enfatiz\u00f3 que la objeci\u00f3n a la candidatura de Topic no es un asunto personal, sino pol\u00edtico, ya que, actualmente, es asamble\u00edsta y su deber es fiscalizar. Este Diario consult\u00f3 a Guti\u00e9rrez por qu\u00e9 objeta ahora la&nbsp;<strong>candidatura de Topic<\/strong>&nbsp;y no antes, cuando fue candidato por el PSP en las elecciones generales de 2021, en las que Guillermo Lasso se posesion\u00f3 como presidente de Ecuador.&nbsp;<\/p>\n\n\n\n<ul class=\"wp-block-list\">\n<li><a href=\"https:\/\/www.expreso.ec\/actualidad\/jan-topic-retoma-bandera-seguridad-elecciones-2025-211334.html\">Jan Topic retoma la bandera de la seguridad para las elecciones de 2025<\/a><\/li>\n<\/ul>\n\n\n\n<p id=\"m294-293-295\">Guti\u00e9rrez explic\u00f3 que, aunque la documentaci\u00f3n que tiene y present\u00f3 al CNE demuestra que Topic mantiene contratos desde 2017 con el Estado, \u00e9l no ten\u00eda conocimiento de ello y no era asamble\u00edsta.<\/p>\n\n\n\n<p id=\"m299-298-300\">Este diario tambi\u00e9n intent\u00f3 contactar al coordinador nacional del movimiento Pachakutik,<strong>\u00a0Guillermo<\/strong>\u00a0<strong>Churuchumbi<\/strong>, para conocer los motivos de la objeci\u00f3n a la candidatura de Topic; sin embargo, hasta el cierre de este reportaje no se obtuvo respuesta.<\/p>\n\n\n\n<p><\/p>\n","protected":false},"excerpt":{"rendered":"<p>Este 3 de octubre, El Partido Sociedad Patri\u00f3tica y el movimiento de unidad plurinacional Pachakutik objetaron la candidatura de Jan Topic, quien por segunda ocasi\u00f3n participa para las elecciones presidenciales,  por SUMA, ante el\u00a0Consejo Nacional Electoral\u00a0(CNE). <\/p>\n","protected":false},"author":1,"featured_media":29066,"comment_status":"open","ping_status":"open","sticky":false,"template":"","format":"standard","meta":{"footnotes":""},"categories":[54],"tags":[22],"class_list":["post-29065","post","type-post","status-publish","format-standard","has-post-thumbnail","hentry","category-politica","tag-politica"],"_links":{"self":[{"href":"https:\/\/elmercuriomanta.ec\/index.php\/wp-json\/wp\/v2\/posts\/29065","targetHints":{"allow":["GET"]}}],"collection":[{"href":"https:\/\/elmercuriomanta.ec\/index.php\/wp-json\/wp\/v2\/posts"}],"about":[{"href":"https:\/\/elmercuriomanta.ec\/index.php\/wp-json\/wp\/v2\/types\/post"}],"author":[{"embeddable":true,"href":"https:\/\/elmercuriomanta.ec\/index.php\/wp-json\/wp\/v2\/users\/1"}],"replies":[{"embeddable":true,"href":"https:\/\/elmercuriomanta.ec\/index.php\/wp-json\/wp\/v2\/comments?post=29065"}],"version-history":[{"count":1,"href":"https:\/\/elmercuriomanta.ec\/index.php\/wp-json\/wp\/v2\/posts\/29065\/revisions"}],"predecessor-version":[{"id":29068,"href":"https:\/\/elmercuriomanta.ec\/index.php\/wp-json\/wp\/v2\/posts\/29065\/revisions\/29068"}],"wp:featuredmedia":[{"embeddable":true,"href":"https:\/\/elmercuriomanta.ec\/index.php\/wp-json\/wp\/v2\/media\/29066"}],"wp:attachment":[{"href":"https:\/\/elmercuriomanta.ec\/index.php\/wp-json\/wp\/v2\/media?parent=29065"}],"wp:term":[{"taxonomy":"category","embeddable":true,"href":"https:\/\/elmercuriomanta.ec\/index.php\/wp-json\/wp\/v2\/categories?post=29065"},{"taxonomy":"post_tag","embeddable":true,"href":"https:\/\/elmercuriomanta.ec\/index.php\/wp-json\/wp\/v2\/tags?post=29065"}],"curies":[{"name":"wp","href":"https:\/\/api.w.org\/{rel}","templated":true}]}}