{"id":29015,"date":"2024-10-04T09:46:46","date_gmt":"2024-10-04T14:46:46","guid":{"rendered":"https:\/\/elmercuriomanta.ec\/?p=29015"},"modified":"2024-10-04T09:46:49","modified_gmt":"2024-10-04T14:46:49","slug":"el-costo-es-sumamente-fuerte-sobre-todo-para-los-pequenos-comercios-y-empresas-a-algunos-la-situacion-los-ha-puesto-de-rodillas-y-a-otros-ya-los-ha-enviado-a-la-lona","status":"publish","type":"post","link":"https:\/\/elmercuriomanta.ec\/index.php\/2024\/10\/04\/el-costo-es-sumamente-fuerte-sobre-todo-para-los-pequenos-comercios-y-empresas-a-algunos-la-situacion-los-ha-puesto-de-rodillas-y-a-otros-ya-los-ha-enviado-a-la-lona\/","title":{"rendered":"\u00abEl costo es sumamente fuerte, sobre todo para los peque\u00f1os comercios y empresas. a algunos la situaci\u00f3n los ha puesto de rodillas y a otros ya los ha enviado a la lona\u00bb"},"content":{"rendered":"\n<figure class=\"wp-block-image aligncenter size-large is-resized\"><img fetchpriority=\"high\" decoding=\"async\" width=\"1024\" height=\"689\" src=\"https:\/\/elmercuriomanta.ec\/wp-content\/uploads\/2024\/10\/image-49-1024x689.png\" alt=\"\" class=\"wp-image-29016\" style=\"width:337px;height:auto\" srcset=\"https:\/\/elmercuriomanta.ec\/wp-content\/uploads\/2024\/10\/image-49-1024x689.png 1024w, https:\/\/elmercuriomanta.ec\/wp-content\/uploads\/2024\/10\/image-49-300x202.png 300w, https:\/\/elmercuriomanta.ec\/wp-content\/uploads\/2024\/10\/image-49-768x517.png 768w, https:\/\/elmercuriomanta.ec\/wp-content\/uploads\/2024\/10\/image-49.png 1040w\" sizes=\"(max-width: 1024px) 100vw, 1024px\" \/><\/figure>\n\n\n\n<p>Miguel \u00c1ngel Gonz\u00e1lez, presidente de la C\u00e1mara de Comercio de Guayaquil, explic\u00f3 que el golpe econ\u00f3mico de los apagones ya se siente con fuerza. \u00abEl costo es sumamente fuerte, sobre todo para los peque\u00f1os comercios y empresas.&nbsp;<\/p>\n\n\n\n<p>A algunos la situaci\u00f3n los ha puesto de rodillas y a otros ya los ha enviado a la lona\u00bb, apunt\u00f3 En una semana de apagones ya se suman p\u00e9rdidas de $700 millones solo en ventas de la econom\u00eda formal. No se cuenta la econom\u00eda informal que tambi\u00e9n se ha visto afectada por la crisis el\u00e9ctrica. Gonz\u00e1lez recalc\u00f3 que debido a lo dif\u00edcil de la situaci\u00f3n es \u00abjusto y necesario buscar formas de alivianar el golpe especialmente en los peque\u00f1os\u00bb.&nbsp;<\/p>\n\n\n\n<p>En este sentido, se propone establecer plazos m\u00e1s largos para pagar obligaciones con el Estado, desgravar o eliminar aranceles de productos que se usan para enfrentar los apagones. Tambi\u00e9n es importante la previsibilidad, es decir, que los cortes de luz se sepan con anticipaci\u00f3n y que se cumplan los horarios. Gonz\u00e1lez dijo que \u00abla actitud del comerciante y el peque\u00f1o empresario es digna de rescatar. A pesar de las dificultades intenta salir\u00bb Lo ideal es que ya no existan cortes de energ\u00eda y eso solo se logar\u00e1 si se adopta un modelo de liberalizaci\u00f3n del sector energ\u00e9tico.<\/p>\n\n\n\n<p>&nbsp;Las reformas a la \u00abLey no m\u00e1s apagones\u00bb, de acuerdo con Gonz\u00e1lez, son un paso positivo, pero insuficiente. \u00abLa realidad energ\u00e9tica del pa\u00eds pide a gritos inversi\u00f3n privada. La situaci\u00f3n se puede resumir en una palabra: d\u00e9ficit el\u00e9ctrico. Hay m\u00e1s demanda que oferta de energ\u00eda. M\u00e1s consumo de energ\u00eda que generaci\u00f3n de energ\u00eda\u00bb, apunt\u00f3 el presidente de la C\u00e1mara de Comercio de Guayaquil.&nbsp;<\/p>\n","protected":false},"excerpt":{"rendered":"<p>Miguel \u00c1ngel Gonz\u00e1lez, presidente de la C\u00e1mara de Comercio de Guayaquil, explic\u00f3 que el golpe econ\u00f3mico de los apagones ya se siente con fuerza. \u00abEl costo es sumamente fuerte, sobre todo para los peque\u00f1os comercios y empresas.\u00a0<\/p>\n","protected":false},"author":1,"featured_media":29016,"comment_status":"open","ping_status":"open","sticky":false,"template":"","format":"standard","meta":{"footnotes":""},"categories":[20,83],"tags":[23],"class_list":["post-29015","post","type-post","status-publish","format-standard","has-post-thumbnail","hentry","category-portada-2","category-sucesos","tag-ecuador"],"_links":{"self":[{"href":"https:\/\/elmercuriomanta.ec\/index.php\/wp-json\/wp\/v2\/posts\/29015","targetHints":{"allow":["GET"]}}],"collection":[{"href":"https:\/\/elmercuriomanta.ec\/index.php\/wp-json\/wp\/v2\/posts"}],"about":[{"href":"https:\/\/elmercuriomanta.ec\/index.php\/wp-json\/wp\/v2\/types\/post"}],"author":[{"embeddable":true,"href":"https:\/\/elmercuriomanta.ec\/index.php\/wp-json\/wp\/v2\/users\/1"}],"replies":[{"embeddable":true,"href":"https:\/\/elmercuriomanta.ec\/index.php\/wp-json\/wp\/v2\/comments?post=29015"}],"version-history":[{"count":1,"href":"https:\/\/elmercuriomanta.ec\/index.php\/wp-json\/wp\/v2\/posts\/29015\/revisions"}],"predecessor-version":[{"id":29018,"href":"https:\/\/elmercuriomanta.ec\/index.php\/wp-json\/wp\/v2\/posts\/29015\/revisions\/29018"}],"wp:featuredmedia":[{"embeddable":true,"href":"https:\/\/elmercuriomanta.ec\/index.php\/wp-json\/wp\/v2\/media\/29016"}],"wp:attachment":[{"href":"https:\/\/elmercuriomanta.ec\/index.php\/wp-json\/wp\/v2\/media?parent=29015"}],"wp:term":[{"taxonomy":"category","embeddable":true,"href":"https:\/\/elmercuriomanta.ec\/index.php\/wp-json\/wp\/v2\/categories?post=29015"},{"taxonomy":"post_tag","embeddable":true,"href":"https:\/\/elmercuriomanta.ec\/index.php\/wp-json\/wp\/v2\/tags?post=29015"}],"curies":[{"name":"wp","href":"https:\/\/api.w.org\/{rel}","templated":true}]}}