{"id":28977,"date":"2024-10-03T14:23:54","date_gmt":"2024-10-03T19:23:54","guid":{"rendered":"https:\/\/elmercuriomanta.ec\/?p=28977"},"modified":"2024-10-03T14:23:56","modified_gmt":"2024-10-03T19:23:56","slug":"portoviejo-inicio-sus-fiestas-con-un-gran-pregon","status":"publish","type":"post","link":"https:\/\/elmercuriomanta.ec\/index.php\/2024\/10\/03\/portoviejo-inicio-sus-fiestas-con-un-gran-pregon\/","title":{"rendered":"Portoviejo inici\u00f3 sus fiestas con un gran preg\u00f3n"},"content":{"rendered":"\n<figure class=\"wp-block-image aligncenter size-full\"><img fetchpriority=\"high\" decoding=\"async\" width=\"300\" height=\"200\" src=\"https:\/\/elmercuriomanta.ec\/wp-content\/uploads\/2024\/10\/image-40.png\" alt=\"\" class=\"wp-image-28978\"\/><\/figure>\n\n\n\n<p>Con un preg\u00f3n, miles de personas se congregaron en las calles de Portoviejo para dar inicio a las celebraciones por los 204 a\u00f1os de Independencia de la capital manabita.&nbsp;<\/p>\n\n\n\n<p>Este evento no solo marc\u00f3 el comienzo de las festividades, sino que tambi\u00e9n impuls\u00f3 una nueva etapa de reactivaci\u00f3n econ\u00f3mica para la ciudad. Los emprendedores locales fueron protagonistas en este arranque, logrando un incremento significativo en sus ingresos gracias a la afluencia masiva de turistas y residentes que se volcaron a disfrutar de la cultura, la m\u00fasica y la gastronom\u00eda manabita.<\/p>\n\n\n\n<p>&nbsp;Las actividades comerciales, tanto en la zona urbana como rural, se vieron fortalecidas, generando un ambiente de optimismo entre los comerciantes. La agenda festiva, que se extender\u00e1 durante todo el mes, promete seguir impulsando la econom\u00eda local con una serie de eventos que incluyen ferias, conciertos, desfiles, y actividades tradicionales que atraen tanto a turistas nacionales como internacionales.&nbsp;<\/p>\n","protected":false},"excerpt":{"rendered":"<p>Con un preg\u00f3n, miles de personas se congregaron en las calles de Portoviejo para dar inicio a las celebraciones por los 204 a\u00f1os de Independencia de la capital manabita.\u00a0<\/p>\n","protected":false},"author":1,"featured_media":28978,"comment_status":"open","ping_status":"open","sticky":false,"template":"","format":"standard","meta":{"footnotes":""},"categories":[21],"tags":[],"class_list":["post-28977","post","type-post","status-publish","format-standard","has-post-thumbnail","hentry","category-noticia-del-dia"],"_links":{"self":[{"href":"https:\/\/elmercuriomanta.ec\/index.php\/wp-json\/wp\/v2\/posts\/28977","targetHints":{"allow":["GET"]}}],"collection":[{"href":"https:\/\/elmercuriomanta.ec\/index.php\/wp-json\/wp\/v2\/posts"}],"about":[{"href":"https:\/\/elmercuriomanta.ec\/index.php\/wp-json\/wp\/v2\/types\/post"}],"author":[{"embeddable":true,"href":"https:\/\/elmercuriomanta.ec\/index.php\/wp-json\/wp\/v2\/users\/1"}],"replies":[{"embeddable":true,"href":"https:\/\/elmercuriomanta.ec\/index.php\/wp-json\/wp\/v2\/comments?post=28977"}],"version-history":[{"count":1,"href":"https:\/\/elmercuriomanta.ec\/index.php\/wp-json\/wp\/v2\/posts\/28977\/revisions"}],"predecessor-version":[{"id":28979,"href":"https:\/\/elmercuriomanta.ec\/index.php\/wp-json\/wp\/v2\/posts\/28977\/revisions\/28979"}],"wp:featuredmedia":[{"embeddable":true,"href":"https:\/\/elmercuriomanta.ec\/index.php\/wp-json\/wp\/v2\/media\/28978"}],"wp:attachment":[{"href":"https:\/\/elmercuriomanta.ec\/index.php\/wp-json\/wp\/v2\/media?parent=28977"}],"wp:term":[{"taxonomy":"category","embeddable":true,"href":"https:\/\/elmercuriomanta.ec\/index.php\/wp-json\/wp\/v2\/categories?post=28977"},{"taxonomy":"post_tag","embeddable":true,"href":"https:\/\/elmercuriomanta.ec\/index.php\/wp-json\/wp\/v2\/tags?post=28977"}],"curies":[{"name":"wp","href":"https:\/\/api.w.org\/{rel}","templated":true}]}}