{"id":28971,"date":"2024-10-03T12:36:00","date_gmt":"2024-10-03T17:36:00","guid":{"rendered":"https:\/\/elmercuriomanta.ec\/?p=28971"},"modified":"2024-10-03T12:36:02","modified_gmt":"2024-10-03T17:36:02","slug":"noboa-esta-insatisfecho-con-los-resultados-del-plan-de-seguridad-en-manabi","status":"publish","type":"post","link":"https:\/\/elmercuriomanta.ec\/index.php\/2024\/10\/03\/noboa-esta-insatisfecho-con-los-resultados-del-plan-de-seguridad-en-manabi\/","title":{"rendered":"Noboa est\u00e1 insatisfecho con los resultados del plan de seguridad en Manab\u00ed"},"content":{"rendered":"\n<figure class=\"wp-block-image aligncenter size-full is-resized\"><img fetchpriority=\"high\" decoding=\"async\" width=\"720\" height=\"540\" src=\"https:\/\/elmercuriomanta.ec\/wp-content\/uploads\/2024\/10\/image-39.png\" alt=\"\" class=\"wp-image-28972\" style=\"width:307px;height:auto\" srcset=\"https:\/\/elmercuriomanta.ec\/wp-content\/uploads\/2024\/10\/image-39.png 720w, https:\/\/elmercuriomanta.ec\/wp-content\/uploads\/2024\/10\/image-39-300x225.png 300w\" sizes=\"(max-width: 720px) 100vw, 720px\" \/><\/figure>\n\n\n\n<p>La tarde de este 1 de octubre, el presidente de la Rep\u00fablica lleg\u00f3 a la base a\u00e9rea de Manta para reunirse de manera reservada con el Gobernador, el alto mando policial y militar de Manab\u00ed y analizar la situaci\u00f3n de inseguridad en la provincia.&nbsp;<\/p>\n\n\n\n<p>En entrevista con Radio San Gregorio, el gobernador de Manab\u00ed, Ronald Mu\u00f1oz, indic\u00f3 que en la reuni\u00f3n el presidente de la rep\u00fablica Daniel Noboa, expres\u00f3 su insatisfacci\u00f3n con los recientes resultados en materia de seguridad en la provincia. A pesar de la reducci\u00f3n en las cifras de muertes violentas, los hechos delictivos y los altos \u00edndices de inseguridad siguen siendo motivo de preocupaci\u00f3n para el Gobierno, dijo.<\/p>\n\n\n\n<p>&nbsp;Durante la reuni\u00f3n, se establecieron nuevas metas y objetivos para enfrentar la situaci\u00f3n, con un enfoque especial en las provincias con los \u00edndices m\u00e1s elevados de violencia.&nbsp;<\/p>\n\n\n\n<p>Aunque no especific\u00f3 que nuevas medidas se van a adoptar como parte de las estrategias. El Gobernador asegur\u00f3 que el contingente policial y militar adicional, desplegado en la provincia, seguir\u00e1 en funcionamiento para garantizar la seguridad ciudadana.<\/p>\n","protected":false},"excerpt":{"rendered":"<p>La tarde de este 1 de octubre, el presidente de la Rep\u00fablica lleg\u00f3 a la base a\u00e9rea de Manta para reunirse de manera reservada con el Gobernador, el alto mando policial y militar de Manab\u00ed y analizar la situaci\u00f3n de inseguridad en la provincia.\u00a0<\/p>\n","protected":false},"author":1,"featured_media":28972,"comment_status":"open","ping_status":"open","sticky":false,"template":"","format":"standard","meta":{"footnotes":""},"categories":[19],"tags":[23,38],"class_list":["post-28971","post","type-post","status-publish","format-standard","has-post-thumbnail","hentry","category-portada-1","tag-ecuador","tag-manta"],"_links":{"self":[{"href":"https:\/\/elmercuriomanta.ec\/index.php\/wp-json\/wp\/v2\/posts\/28971","targetHints":{"allow":["GET"]}}],"collection":[{"href":"https:\/\/elmercuriomanta.ec\/index.php\/wp-json\/wp\/v2\/posts"}],"about":[{"href":"https:\/\/elmercuriomanta.ec\/index.php\/wp-json\/wp\/v2\/types\/post"}],"author":[{"embeddable":true,"href":"https:\/\/elmercuriomanta.ec\/index.php\/wp-json\/wp\/v2\/users\/1"}],"replies":[{"embeddable":true,"href":"https:\/\/elmercuriomanta.ec\/index.php\/wp-json\/wp\/v2\/comments?post=28971"}],"version-history":[{"count":1,"href":"https:\/\/elmercuriomanta.ec\/index.php\/wp-json\/wp\/v2\/posts\/28971\/revisions"}],"predecessor-version":[{"id":28973,"href":"https:\/\/elmercuriomanta.ec\/index.php\/wp-json\/wp\/v2\/posts\/28971\/revisions\/28973"}],"wp:featuredmedia":[{"embeddable":true,"href":"https:\/\/elmercuriomanta.ec\/index.php\/wp-json\/wp\/v2\/media\/28972"}],"wp:attachment":[{"href":"https:\/\/elmercuriomanta.ec\/index.php\/wp-json\/wp\/v2\/media?parent=28971"}],"wp:term":[{"taxonomy":"category","embeddable":true,"href":"https:\/\/elmercuriomanta.ec\/index.php\/wp-json\/wp\/v2\/categories?post=28971"},{"taxonomy":"post_tag","embeddable":true,"href":"https:\/\/elmercuriomanta.ec\/index.php\/wp-json\/wp\/v2\/tags?post=28971"}],"curies":[{"name":"wp","href":"https:\/\/api.w.org\/{rel}","templated":true}]}}