{"id":28957,"date":"2024-10-03T10:00:56","date_gmt":"2024-10-03T15:00:56","guid":{"rendered":"https:\/\/elmercuriomanta.ec\/?p=28957"},"modified":"2024-10-03T10:00:58","modified_gmt":"2024-10-03T15:00:58","slug":"gobierno-decreta-nuevo-estado-de-excepcion-en-seis-provincias-de-ecuador-y-dos-cantones","status":"publish","type":"post","link":"https:\/\/elmercuriomanta.ec\/index.php\/2024\/10\/03\/gobierno-decreta-nuevo-estado-de-excepcion-en-seis-provincias-de-ecuador-y-dos-cantones\/","title":{"rendered":"Gobierno decreta nuevo estado de excepci\u00f3n en seis provincias de Ecuador y dos cantones"},"content":{"rendered":"\n<figure class=\"wp-block-image aligncenter size-full is-resized\"><img fetchpriority=\"high\" decoding=\"async\" width=\"640\" height=\"360\" src=\"https:\/\/elmercuriomanta.ec\/wp-content\/uploads\/2024\/10\/image-34.png\" alt=\"\" class=\"wp-image-28958\" style=\"width:283px;height:auto\" srcset=\"https:\/\/elmercuriomanta.ec\/wp-content\/uploads\/2024\/10\/image-34.png 640w, https:\/\/elmercuriomanta.ec\/wp-content\/uploads\/2024\/10\/image-34-300x169.png 300w\" sizes=\"(max-width: 640px) 100vw, 640px\" \/><\/figure>\n\n\n\n<p>El Gobierno de Daniel Noboa volvi\u00f3 a decretar un estado de excepci\u00f3n focalizado en Ecuador, que rige desde este jueves 3 de octubre de 2024.<\/p>\n\n\n\n<p>Seg\u00fan el Decreto Ejecutivo 410, publicado en la p\u00e1gina web de la Presidencia de Ecuador este jueves,&nbsp;el estado de excepci\u00f3n&nbsp;estar\u00e1 vigente por 60 d\u00edas.&nbsp;<\/p>\n\n\n\n<p>El nuevo estado de excepci\u00f3n rige para las provincias de Guayas, Los R\u00edos, Manab\u00ed, Orellana, Santa Elena, El Oro; el\u00a0Distrito Metropolitano de Quito, en Pichincha y, el cant\u00f3n Camilo Ponce Enr\u00edquez, de la provincia de Azuay.<\/p>\n\n\n\n<p>En su cuenta de X, la Presidencia de la Rep\u00fablica difundi\u00f3 un comunicado sobre esta nueva disposici\u00f3n.&nbsp;<\/p>\n\n\n\n<p>\u00abLa decisi\u00f3n presidencial se toma para fortalecer el trabajo de las Fuerzas Armadas y la Polic\u00eda Nacional en funci\u00f3n de defender la soberan\u00eda e integridad del Estado\u2026\u00bb, dice el comunicado.<\/p>\n\n\n\n<p>Nuevamente, el Gobierno apela a la \u00abgrave conmoci\u00f3n interna y conflicto armado interno\u00bb, este \u00faltimo contemplado en el Decreto&nbsp;Ejecutivo No. 218 del 7 de abril de 2024.<\/p>\n\n\n\n<p>El presidente Noboa vuelve a insistir en la existencia de un conflicto interno armado, pese a que la Corte Constitucional ya ha desechado esa causal. Incluso, llam\u00f3 la atenci\u00f3n al mandatario por esa raz\u00f3n.<br>Este Decreto Ejecutivo enumera una serie de hechos violentos que han ocurrido durante septiembre de 2024 en las provincias en las que se declara el estado de excepci\u00f3n.\u00a0<br>Para hacer uso de este contenido cite la fuente y haga un enlace a la nota original en <\/p>\n\n\n\n<p><br><\/p>\n","protected":false},"excerpt":{"rendered":"<p>El Gobierno de Daniel Noboa volvi\u00f3 a decretar un estado de excepci\u00f3n focalizado en Ecuador, que rige desde este jueves 3 de octubre de 2024.<\/p>\n","protected":false},"author":1,"featured_media":28958,"comment_status":"open","ping_status":"open","sticky":false,"template":"","format":"standard","meta":{"footnotes":""},"categories":[19],"tags":[23],"class_list":["post-28957","post","type-post","status-publish","format-standard","has-post-thumbnail","hentry","category-portada-1","tag-ecuador"],"_links":{"self":[{"href":"https:\/\/elmercuriomanta.ec\/index.php\/wp-json\/wp\/v2\/posts\/28957","targetHints":{"allow":["GET"]}}],"collection":[{"href":"https:\/\/elmercuriomanta.ec\/index.php\/wp-json\/wp\/v2\/posts"}],"about":[{"href":"https:\/\/elmercuriomanta.ec\/index.php\/wp-json\/wp\/v2\/types\/post"}],"author":[{"embeddable":true,"href":"https:\/\/elmercuriomanta.ec\/index.php\/wp-json\/wp\/v2\/users\/1"}],"replies":[{"embeddable":true,"href":"https:\/\/elmercuriomanta.ec\/index.php\/wp-json\/wp\/v2\/comments?post=28957"}],"version-history":[{"count":1,"href":"https:\/\/elmercuriomanta.ec\/index.php\/wp-json\/wp\/v2\/posts\/28957\/revisions"}],"predecessor-version":[{"id":28959,"href":"https:\/\/elmercuriomanta.ec\/index.php\/wp-json\/wp\/v2\/posts\/28957\/revisions\/28959"}],"wp:featuredmedia":[{"embeddable":true,"href":"https:\/\/elmercuriomanta.ec\/index.php\/wp-json\/wp\/v2\/media\/28958"}],"wp:attachment":[{"href":"https:\/\/elmercuriomanta.ec\/index.php\/wp-json\/wp\/v2\/media?parent=28957"}],"wp:term":[{"taxonomy":"category","embeddable":true,"href":"https:\/\/elmercuriomanta.ec\/index.php\/wp-json\/wp\/v2\/categories?post=28957"},{"taxonomy":"post_tag","embeddable":true,"href":"https:\/\/elmercuriomanta.ec\/index.php\/wp-json\/wp\/v2\/tags?post=28957"}],"curies":[{"name":"wp","href":"https:\/\/api.w.org\/{rel}","templated":true}]}}